{"id":5058,"date":"2021-10-19T12:50:32","date_gmt":"2021-10-19T12:50:32","guid":{"rendered":"https:\/\/www.atlas-des-abris-ouverts.com\/42-brest-taming-the-wind-at-the-technopole-through-landscape-and-architecture\/"},"modified":"2023-11-22T09:26:52","modified_gmt":"2023-11-22T09:26:52","slug":"42-brest-taming-the-wind-at-the-technopole-through-landscape-and-architecture","status":"publish","type":"post","link":"https:\/\/www.atlas-des-abris-ouverts.com\/en\/42-brest-taming-the-wind-at-the-technopole-through-landscape-and-architecture\/","title":{"rendered":"# 42 Brest &#8211; &#8220;Taming the wind at the Technop\u00f4le through landscape and architecture&#8221;"},"content":{"rendered":"\t\t<div data-elementor-type=\"wp-post\" data-elementor-id=\"5058\" class=\"elementor elementor-5058 elementor-2838\" data-elementor-post-type=\"post\">\n\t\t\t\t\t\t<section class=\"elementor-section elementor-top-section elementor-element elementor-element-27fbaafc elementor-section-content-middle elementor-section-boxed elementor-section-height-default elementor-section-height-default\" data-id=\"27fbaafc\" data-element_type=\"section\" data-e-type=\"section\" data-settings=\"{&quot;background_background&quot;:&quot;classic&quot;,&quot;jet_parallax_layout_list&quot;:[{&quot;jet_parallax_layout_image&quot;:{&quot;url&quot;:&quot;&quot;,&quot;id&quot;:&quot;&quot;,&quot;size&quot;:&quot;&quot;},&quot;_id&quot;:&quot;45660b1&quot;,&quot;jet_parallax_layout_image_tablet&quot;:{&quot;url&quot;:&quot;&quot;,&quot;id&quot;:&quot;&quot;,&quot;size&quot;:&quot;&quot;},&quot;jet_parallax_layout_image_mobile&quot;:{&quot;url&quot;:&quot;&quot;,&quot;id&quot;:&quot;&quot;,&quot;size&quot;:&quot;&quot;},&quot;jet_parallax_layout_speed&quot;:{&quot;unit&quot;:&quot;%&quot;,&quot;size&quot;:50,&quot;sizes&quot;:[]},&quot;jet_parallax_layout_type&quot;:&quot;scroll&quot;,&quot;jet_parallax_layout_direction&quot;:&quot;1&quot;,&quot;jet_parallax_layout_fx_direction&quot;:null,&quot;jet_parallax_layout_z_index&quot;:&quot;&quot;,&quot;jet_parallax_layout_bg_x&quot;:50,&quot;jet_parallax_layout_bg_x_tablet&quot;:&quot;&quot;,&quot;jet_parallax_layout_bg_x_mobile&quot;:&quot;&quot;,&quot;jet_parallax_layout_bg_y&quot;:50,&quot;jet_parallax_layout_bg_y_tablet&quot;:&quot;&quot;,&quot;jet_parallax_layout_bg_y_mobile&quot;:&quot;&quot;,&quot;jet_parallax_layout_bg_size&quot;:&quot;auto&quot;,&quot;jet_parallax_layout_bg_size_tablet&quot;:&quot;&quot;,&quot;jet_parallax_layout_bg_size_mobile&quot;:&quot;&quot;,&quot;jet_parallax_layout_animation_prop&quot;:&quot;transform&quot;,&quot;jet_parallax_layout_on&quot;:[&quot;desktop&quot;,&quot;tablet&quot;]}]}\">\n\t\t\t\t\t\t\t<div class=\"elementor-background-overlay\"><\/div>\n\t\t\t\t\t\t\t<div class=\"elementor-container elementor-column-gap-default\">\n\t\t\t\t\t<div class=\"elementor-column elementor-col-100 elementor-top-column elementor-element elementor-element-2933cd93\" data-id=\"2933cd93\" data-element_type=\"column\" data-e-type=\"column\" data-settings=\"{&quot;background_background&quot;:&quot;classic&quot;}\">\n\t\t\t<div class=\"elementor-widget-wrap elementor-element-populated\">\n\t\t\t\t\t\t<section class=\"elementor-section elementor-inner-section elementor-element elementor-element-37a941f elementor-hidden-phone elementor-section-boxed elementor-section-height-default elementor-section-height-default\" data-id=\"37a941f\" data-element_type=\"section\" data-e-type=\"section\" data-settings=\"{&quot;jet_parallax_layout_list&quot;:[{&quot;jet_parallax_layout_image&quot;:{&quot;url&quot;:&quot;&quot;,&quot;id&quot;:&quot;&quot;,&quot;size&quot;:&quot;&quot;},&quot;_id&quot;:&quot;dec7b09&quot;,&quot;jet_parallax_layout_image_tablet&quot;:{&quot;url&quot;:&quot;&quot;,&quot;id&quot;:&quot;&quot;,&quot;size&quot;:&quot;&quot;},&quot;jet_parallax_layout_image_mobile&quot;:{&quot;url&quot;:&quot;&quot;,&quot;id&quot;:&quot;&quot;,&quot;size&quot;:&quot;&quot;},&quot;jet_parallax_layout_speed&quot;:{&quot;unit&quot;:&quot;%&quot;,&quot;size&quot;:50,&quot;sizes&quot;:[]},&quot;jet_parallax_layout_type&quot;:&quot;scroll&quot;,&quot;jet_parallax_layout_direction&quot;:&quot;1&quot;,&quot;jet_parallax_layout_fx_direction&quot;:null,&quot;jet_parallax_layout_z_index&quot;:&quot;&quot;,&quot;jet_parallax_layout_bg_x&quot;:50,&quot;jet_parallax_layout_bg_x_tablet&quot;:&quot;&quot;,&quot;jet_parallax_layout_bg_x_mobile&quot;:&quot;&quot;,&quot;jet_parallax_layout_bg_y&quot;:50,&quot;jet_parallax_layout_bg_y_tablet&quot;:&quot;&quot;,&quot;jet_parallax_layout_bg_y_mobile&quot;:&quot;&quot;,&quot;jet_parallax_layout_bg_size&quot;:&quot;auto&quot;,&quot;jet_parallax_layout_bg_size_tablet&quot;:&quot;&quot;,&quot;jet_parallax_layout_bg_size_mobile&quot;:&quot;&quot;,&quot;jet_parallax_layout_animation_prop&quot;:&quot;transform&quot;,&quot;jet_parallax_layout_on&quot;:[&quot;desktop&quot;,&quot;tablet&quot;]}]}\">\n\t\t\t\t\t\t<div class=\"elementor-container elementor-column-gap-default\">\n\t\t\t\t\t<div class=\"elementor-column elementor-col-50 elementor-inner-column elementor-element elementor-element-71c8f96\" data-id=\"71c8f96\" data-element_type=\"column\" data-e-type=\"column\">\n\t\t\t<div class=\"elementor-widget-wrap elementor-element-populated\">\n\t\t\t\t\t\t<div class=\"elementor-element elementor-element-cc2e0dd elementor-widget elementor-widget-text-editor\" data-id=\"cc2e0dd\" data-element_type=\"widget\" data-e-type=\"widget\" data-widget_type=\"text-editor.default\">\n\t\t\t\t<div class=\"elementor-widget-container\">\n\t\t\t\t\t\t\t\t\t<p>item (s):<br \/>hazards) :<br \/>risk (s):<br \/>land address:<br \/>gestures and notions of transformation:<br \/>author (s):<\/p>\n<p>year of diploma:<\/p>\n\t\t\t\t\t\t\t\t<\/div>\n\t\t\t\t<\/div>\n\t\t\t\t\t<\/div>\n\t\t<\/div>\n\t\t\t\t<div class=\"elementor-column elementor-col-50 elementor-inner-column elementor-element elementor-element-fd0f017\" data-id=\"fd0f017\" data-element_type=\"column\" data-e-type=\"column\">\n\t\t\t<div class=\"elementor-widget-wrap elementor-element-populated\">\n\t\t\t\t\t\t<div class=\"elementor-element elementor-element-689d5bc elementor-widget elementor-widget-text-editor\" data-id=\"689d5bc\" data-element_type=\"widget\" data-e-type=\"widget\" data-widget_type=\"text-editor.default\">\n\t\t\t\t<div class=\"elementor-widget-container\">\n\t\t\t\t\t\t\t\t\t<p><strong>AIR<\/strong><br \/><strong>Atmospheric depression <\/strong><br \/><strong>Strong winds<\/strong><br \/><strong>Brest | FRANCE<\/strong><br \/><strong>More than a single envelope: compose filters, protections, thresholds | The fault + The invention of a mystery<\/strong><\/p>\n<p><strong><a href=\"mailto:colin.florie@gmail.com\">Florie COLIN<\/a><\/strong><\/p>\n<p><strong>2014<\/strong><\/p>\n\t\t\t\t\t\t\t\t<\/div>\n\t\t\t\t<\/div>\n\t\t\t\t\t<\/div>\n\t\t<\/div>\n\t\t\t\t\t<\/div>\n\t\t<\/section>\n\t\t\t\t<section class=\"elementor-section elementor-inner-section elementor-element elementor-element-829ab2d elementor-hidden-desktop elementor-hidden-tablet elementor-section-boxed elementor-section-height-default elementor-section-height-default\" data-id=\"829ab2d\" data-element_type=\"section\" data-e-type=\"section\" data-settings=\"{&quot;jet_parallax_layout_list&quot;:[{&quot;jet_parallax_layout_image&quot;:{&quot;url&quot;:&quot;&quot;,&quot;id&quot;:&quot;&quot;,&quot;size&quot;:&quot;&quot;},&quot;_id&quot;:&quot;3b8027e&quot;,&quot;jet_parallax_layout_image_tablet&quot;:{&quot;url&quot;:&quot;&quot;,&quot;id&quot;:&quot;&quot;,&quot;size&quot;:&quot;&quot;},&quot;jet_parallax_layout_image_mobile&quot;:{&quot;url&quot;:&quot;&quot;,&quot;id&quot;:&quot;&quot;,&quot;size&quot;:&quot;&quot;},&quot;jet_parallax_layout_speed&quot;:{&quot;unit&quot;:&quot;%&quot;,&quot;size&quot;:50,&quot;sizes&quot;:[]},&quot;jet_parallax_layout_type&quot;:&quot;scroll&quot;,&quot;jet_parallax_layout_direction&quot;:&quot;1&quot;,&quot;jet_parallax_layout_fx_direction&quot;:null,&quot;jet_parallax_layout_z_index&quot;:&quot;&quot;,&quot;jet_parallax_layout_bg_x&quot;:50,&quot;jet_parallax_layout_bg_x_tablet&quot;:&quot;&quot;,&quot;jet_parallax_layout_bg_x_mobile&quot;:&quot;&quot;,&quot;jet_parallax_layout_bg_y&quot;:50,&quot;jet_parallax_layout_bg_y_tablet&quot;:&quot;&quot;,&quot;jet_parallax_layout_bg_y_mobile&quot;:&quot;&quot;,&quot;jet_parallax_layout_bg_size&quot;:&quot;auto&quot;,&quot;jet_parallax_layout_bg_size_tablet&quot;:&quot;&quot;,&quot;jet_parallax_layout_bg_size_mobile&quot;:&quot;&quot;,&quot;jet_parallax_layout_animation_prop&quot;:&quot;transform&quot;,&quot;jet_parallax_layout_on&quot;:[&quot;desktop&quot;,&quot;tablet&quot;]}]}\">\n\t\t\t\t\t\t<div class=\"elementor-container elementor-column-gap-default\">\n\t\t\t\t\t<div class=\"elementor-column elementor-col-50 elementor-inner-column elementor-element elementor-element-a59dfec\" data-id=\"a59dfec\" data-element_type=\"column\" data-e-type=\"column\">\n\t\t\t<div class=\"elementor-widget-wrap elementor-element-populated\">\n\t\t\t\t\t\t<div class=\"elementor-element elementor-element-dabb4ff elementor-widget elementor-widget-text-editor\" data-id=\"dabb4ff\" data-element_type=\"widget\" data-e-type=\"widget\" data-widget_type=\"text-editor.default\">\n\t\t\t\t<div class=\"elementor-widget-container\">\n\t\t\t\t\t\t\t\t\t<p>item (s):<br \/>hazards) :<br \/>risk (s):<br \/>land address:<br \/>gestures and notions of transformation:<\/p>\n<p>author (s):<\/p>\n<p>year of diploma:<\/p>\n\t\t\t\t\t\t\t\t<\/div>\n\t\t\t\t<\/div>\n\t\t\t\t\t<\/div>\n\t\t<\/div>\n\t\t\t\t<div class=\"elementor-column elementor-col-50 elementor-inner-column elementor-element elementor-element-ce2c5b6\" data-id=\"ce2c5b6\" data-element_type=\"column\" data-e-type=\"column\">\n\t\t\t<div class=\"elementor-widget-wrap elementor-element-populated\">\n\t\t\t\t\t\t<div class=\"elementor-element elementor-element-26cfe86 elementor-widget elementor-widget-text-editor\" data-id=\"26cfe86\" data-element_type=\"widget\" data-e-type=\"widget\" data-widget_type=\"text-editor.default\">\n\t\t\t\t<div class=\"elementor-widget-container\">\n\t\t\t\t\t\t\t\t\t<p><strong>AIR<\/strong><br \/><strong>Atmospheric depression <\/strong><br \/><strong>Strong winds<br \/><\/strong><strong> Brest | FRANCE<\/strong><br \/><strong>More than a single envelope: compose filters, protections, thresholds | The fault + The invention of a mystery<br \/><\/strong><strong><a href=\"mailto:colin.florie@gmail.com\"> Florie COLIN<\/a><\/strong><\/p>\n<p><strong>2014<\/strong><\/p>\n\t\t\t\t\t\t\t\t<\/div>\n\t\t\t\t<\/div>\n\t\t\t\t\t<\/div>\n\t\t<\/div>\n\t\t\t\t\t<\/div>\n\t\t<\/section>\n\t\t\t\t<section class=\"elementor-section elementor-inner-section elementor-element elementor-element-47676af elementor-section-boxed elementor-section-height-default elementor-section-height-default\" data-id=\"47676af\" data-element_type=\"section\" data-e-type=\"section\" data-settings=\"{&quot;jet_parallax_layout_list&quot;:[{&quot;jet_parallax_layout_image&quot;:{&quot;url&quot;:&quot;&quot;,&quot;id&quot;:&quot;&quot;,&quot;size&quot;:&quot;&quot;},&quot;_id&quot;:&quot;f176162&quot;,&quot;jet_parallax_layout_image_tablet&quot;:{&quot;url&quot;:&quot;&quot;,&quot;id&quot;:&quot;&quot;,&quot;size&quot;:&quot;&quot;},&quot;jet_parallax_layout_image_mobile&quot;:{&quot;url&quot;:&quot;&quot;,&quot;id&quot;:&quot;&quot;,&quot;size&quot;:&quot;&quot;},&quot;jet_parallax_layout_speed&quot;:{&quot;unit&quot;:&quot;%&quot;,&quot;size&quot;:50,&quot;sizes&quot;:[]},&quot;jet_parallax_layout_type&quot;:&quot;scroll&quot;,&quot;jet_parallax_layout_direction&quot;:&quot;1&quot;,&quot;jet_parallax_layout_fx_direction&quot;:null,&quot;jet_parallax_layout_z_index&quot;:&quot;&quot;,&quot;jet_parallax_layout_bg_x&quot;:50,&quot;jet_parallax_layout_bg_x_tablet&quot;:&quot;&quot;,&quot;jet_parallax_layout_bg_x_mobile&quot;:&quot;&quot;,&quot;jet_parallax_layout_bg_y&quot;:50,&quot;jet_parallax_layout_bg_y_tablet&quot;:&quot;&quot;,&quot;jet_parallax_layout_bg_y_mobile&quot;:&quot;&quot;,&quot;jet_parallax_layout_bg_size&quot;:&quot;auto&quot;,&quot;jet_parallax_layout_bg_size_tablet&quot;:&quot;&quot;,&quot;jet_parallax_layout_bg_size_mobile&quot;:&quot;&quot;,&quot;jet_parallax_layout_animation_prop&quot;:&quot;transform&quot;,&quot;jet_parallax_layout_on&quot;:[&quot;desktop&quot;,&quot;tablet&quot;]}]}\">\n\t\t\t\t\t\t<div class=\"elementor-container elementor-column-gap-default\">\n\t\t\t\t\t<div class=\"elementor-column elementor-col-50 elementor-inner-column elementor-element elementor-element-a6dfb3a\" data-id=\"a6dfb3a\" data-element_type=\"column\" data-e-type=\"column\">\n\t\t\t<div class=\"elementor-widget-wrap elementor-element-populated\">\n\t\t\t\t\t\t<div class=\"elementor-element elementor-element-62d8c2b elementor-widget-divider--view-line elementor-widget elementor-widget-divider\" data-id=\"62d8c2b\" data-element_type=\"widget\" data-e-type=\"widget\" data-widget_type=\"divider.default\">\n\t\t\t\t<div class=\"elementor-widget-container\">\n\t\t\t\t\t\t\t<div class=\"elementor-divider\">\n\t\t\t<span class=\"elementor-divider-separator\">\n\t\t\t\t\t\t<\/span>\n\t\t<\/div>\n\t\t\t\t\t\t<\/div>\n\t\t\t\t<\/div>\n\t\t\t\t<div class=\"elementor-element elementor-element-709ccd82 elementor-widget elementor-widget-heading\" data-id=\"709ccd82\" data-element_type=\"widget\" data-e-type=\"widget\" data-widget_type=\"heading.default\">\n\t\t\t\t<div class=\"elementor-widget-container\">\n\t\t\t\t\t<h1 class=\"elementor-heading-title elementor-size-default\">\"Taming the wind at the Technop\u00f4le through the landscape and architecture\"<\/h1>\t\t\t\t<\/div>\n\t\t\t\t<\/div>\n\t\t\t\t<div class=\"elementor-element elementor-element-3660e92 elementor-widget elementor-widget-text-editor\" data-id=\"3660e92\" data-element_type=\"widget\" data-e-type=\"widget\" data-widget_type=\"text-editor.default\">\n\t\t\t\t<div class=\"elementor-widget-container\">\n\t\t\t\t\t\t\t\t\t<p><span data-sheets-value=\"{\"1\":2,\"2\":\"Le Finist\u00e8re est un territoire soumis \u00e0 de tr\u00e8s forts vents. La ville de Brest est balay\u00e9e de courants d\u2019air pouvant d\u00e9t\u00e9riorer les conditions d\u2019habitabilit\u00e9, d\u00e9raciner des arbres et ab\u00eemer les b\u00e2timents. Au travers d\u2019un projet de quartier, l\u2019architecture des b\u00e2timents et leur implantation est abord\u00e9e comme une solution pour ne plus exacerber ces probl\u00e9matiques.\"}\" data-sheets-userformat=\"{\"2\":14529,\"3\":{\"1\":0,\"3\":1},\"9\":0,\"10\":1,\"14\":{\"1\":3,\"3\":1},\"15\":\"Calibri\",\"16\":11}\">Finist\u00e8re is subject to very strong winds. The city of Brest is swept by air currents that can deteriorate living conditions, uproot trees and damage buildings. As part of a neighborhood project, the architecture of buildings and their layout is approached as a solution to avoid exacerbating these problems.<\/span><\/p>\n\t\t\t\t\t\t\t\t<\/div>\n\t\t\t\t<\/div>\n\t\t\t\t\t<\/div>\n\t\t<\/div>\n\t\t\t\t<div class=\"elementor-column elementor-col-50 elementor-inner-column elementor-element elementor-element-0529f7c\" data-id=\"0529f7c\" data-element_type=\"column\" data-e-type=\"column\">\n\t\t\t<div class=\"elementor-widget-wrap\">\n\t\t\t\t\t\t\t<\/div>\n\t\t<\/div>\n\t\t\t\t\t<\/div>\n\t\t<\/section>\n\t\t\t\t<div class=\"elementor-element elementor-element-739d0ca elementor-widget elementor-widget-heading\" data-id=\"739d0ca\" data-element_type=\"widget\" data-e-type=\"widget\" data-widget_type=\"heading.default\">\n\t\t\t\t<div class=\"elementor-widget-container\">\n\t\t\t\t\t<h2 class=\"elementor-heading-title elementor-size-default\"># Hazards and risks<\/h2>\t\t\t\t<\/div>\n\t\t\t\t<\/div>\n\t\t\t\t<div class=\"elementor-element elementor-element-1061dcb gallery-spacing-custom elementor-widget elementor-widget-image-gallery\" data-id=\"1061dcb\" data-element_type=\"widget\" data-e-type=\"widget\" data-widget_type=\"image-gallery.default\">\n\t\t\t\t<div class=\"elementor-widget-container\">\n\t\t\t\t\t\t\t<div class=\"elementor-image-gallery\">\n\t\t\t<div id='gallery-1' class='gallery galleryid-5058 gallery-columns-3 gallery-size-full'><figure class='gallery-item'>\n\t\t\t<div class='gallery-icon portrait'>\n\t\t\t\t<a data-elementor-open-lightbox=\"yes\" data-elementor-lightbox-slideshow=\"1061dcb\" data-elementor-lightbox-title=\"# 42 Brest-RISK\" data-e-action-hash=\"#elementor-action%3Aaction%3Dlightbox%26settings%3DeyJpZCI6NDc3MSwidXJsIjoiaHR0cHM6XC9cL3d3dy5hdGxhcy1kZXMtYWJyaXMtb3V2ZXJ0cy5jb21cL3dwLWNvbnRlbnRcL3VwbG9hZHNcLzIwMjFcLzA0XC80Mi1CcmVzdC1SSVNRVUUtc2NhbGVkLmpwZyIsInNsaWRlc2hvdyI6IjEwNjFkY2IifQ%3D%3D\" href='https:\/\/www.atlas-des-abris-ouverts.com\/wp-content\/uploads\/2021\/04\/42-Brest-RISQUE-scaled.jpg'><img fetchpriority=\"high\" decoding=\"async\" width=\"1810\" height=\"2560\" src=\"https:\/\/www.atlas-des-abris-ouverts.com\/wp-content\/uploads\/2021\/04\/42-Brest-RISQUE-scaled.jpg\" class=\"attachment-full size-full\" alt=\"\" \/><\/a>\n\t\t\t<\/div><\/figure>\n\t\t<\/div>\n\t\t<\/div>\n\t\t\t\t\t\t<\/div>\n\t\t\t\t<\/div>\n\t\t\t\t<div class=\"elementor-element elementor-element-83c15fa elementor-widget elementor-widget-heading\" data-id=\"83c15fa\" data-element_type=\"widget\" data-e-type=\"widget\" data-widget_type=\"heading.default\">\n\t\t\t\t<div class=\"elementor-widget-container\">\n\t\t\t\t\t<h2 class=\"elementor-heading-title elementor-size-default\">#Project on hypothesis<\/h2>\t\t\t\t<\/div>\n\t\t\t\t<\/div>\n\t\t\t\t<div class=\"elementor-element elementor-element-2043b7f gallery-spacing-custom elementor-widget elementor-widget-image-gallery\" data-id=\"2043b7f\" data-element_type=\"widget\" data-e-type=\"widget\" data-widget_type=\"image-gallery.default\">\n\t\t\t\t<div class=\"elementor-widget-container\">\n\t\t\t\t\t\t\t<div class=\"elementor-image-gallery\">\n\t\t\t<div id='gallery-2' class='gallery galleryid-5058 gallery-columns-3 gallery-size-full'><figure class='gallery-item'>\n\t\t\t<div class='gallery-icon landscape'>\n\t\t\t\t<a data-elementor-open-lightbox=\"yes\" data-elementor-lightbox-slideshow=\"2043b7f\" data-elementor-lightbox-title=\"# 42 Brest-PROJECT1\" data-e-action-hash=\"#elementor-action%3Aaction%3Dlightbox%26settings%3DeyJpZCI6NDc3MiwidXJsIjoiaHR0cHM6XC9cL3d3dy5hdGxhcy1kZXMtYWJyaXMtb3V2ZXJ0cy5jb21cL3dwLWNvbnRlbnRcL3VwbG9hZHNcLzIwMjFcLzA0XC80Mi1CcmVzdC1QUk9KRVQxLXNjYWxlZC5qcGciLCJzbGlkZXNob3ciOiIyMDQzYjdmIn0%3D\" href='https:\/\/www.atlas-des-abris-ouverts.com\/wp-content\/uploads\/2021\/04\/42-Brest-PROJET1-scaled.jpg'><img decoding=\"async\" width=\"2560\" height=\"1810\" src=\"https:\/\/www.atlas-des-abris-ouverts.com\/wp-content\/uploads\/2021\/04\/42-Brest-PROJET1-scaled.jpg\" class=\"attachment-full size-full\" alt=\"\" \/><\/a>\n\t\t\t<\/div><\/figure><figure class='gallery-item'>\n\t\t\t<div class='gallery-icon portrait'>\n\t\t\t\t<a data-elementor-open-lightbox=\"yes\" data-elementor-lightbox-slideshow=\"2043b7f\" data-elementor-lightbox-title=\"# 42 Brest-PROJECT2\" data-e-action-hash=\"#elementor-action%3Aaction%3Dlightbox%26settings%3DeyJpZCI6NDc3MywidXJsIjoiaHR0cHM6XC9cL3d3dy5hdGxhcy1kZXMtYWJyaXMtb3V2ZXJ0cy5jb21cL3dwLWNvbnRlbnRcL3VwbG9hZHNcLzIwMjFcLzA0XC80Mi1CcmVzdC1QUk9KRVQyLXNjYWxlZC5qcGciLCJzbGlkZXNob3ciOiIyMDQzYjdmIn0%3D\" href='https:\/\/www.atlas-des-abris-ouverts.com\/wp-content\/uploads\/2021\/04\/42-Brest-PROJET2-scaled.jpg'><img decoding=\"async\" width=\"1810\" height=\"2560\" src=\"https:\/\/www.atlas-des-abris-ouverts.com\/wp-content\/uploads\/2021\/04\/42-Brest-PROJET2-scaled.jpg\" class=\"attachment-full size-full\" alt=\"\" \/><\/a>\n\t\t\t<\/div><\/figure><figure class='gallery-item'>\n\t\t\t<div class='gallery-icon landscape'>\n\t\t\t\t<a data-elementor-open-lightbox=\"yes\" data-elementor-lightbox-slideshow=\"2043b7f\" data-elementor-lightbox-title=\"# 42 Brest-PROJECT3\" data-e-action-hash=\"#elementor-action%3Aaction%3Dlightbox%26settings%3DeyJpZCI6NDc3NSwidXJsIjoiaHR0cHM6XC9cL3d3dy5hdGxhcy1kZXMtYWJyaXMtb3V2ZXJ0cy5jb21cL3dwLWNvbnRlbnRcL3VwbG9hZHNcLzIwMjFcLzA0XC80Mi1CcmVzdC1QUk9KRVQzLTEtc2NhbGVkLmpwZyIsInNsaWRlc2hvdyI6IjIwNDNiN2YifQ%3D%3D\" href='https:\/\/www.atlas-des-abris-ouverts.com\/wp-content\/uploads\/2021\/04\/42-Brest-PROJET3-1-scaled.jpg'><img loading=\"lazy\" decoding=\"async\" width=\"2560\" height=\"1809\" src=\"https:\/\/www.atlas-des-abris-ouverts.com\/wp-content\/uploads\/2021\/04\/42-Brest-PROJET3-1-scaled.jpg\" class=\"attachment-full size-full\" alt=\"\" \/><\/a>\n\t\t\t<\/div><\/figure>\n\t\t<\/div>\n\t\t<\/div>\n\t\t\t\t\t\t<\/div>\n\t\t\t\t<\/div>\n\t\t\t\t\t<\/div>\n\t\t<\/div>\n\t\t\t\t\t<\/div>\n\t\t<\/section>\n\t\t\t\t<\/div>\n\t\t","protected":false},"excerpt":{"rendered":"<p>item (s):hazards) :risk (s):land address:gestures and notions of transformation:author (s): year of diploma: AIRAtmospheric depression Strong windsBrest | FRANCEMore than a single envelope: compose filters, protections, thresholds | The fault + The invention of a mystery Florie COLIN 2014 item (s):hazards) :risk (s):land address:gestures and notions of transformation: author (s): year of diploma: AIRAtmospheric depression [&hellip;]<\/p>\n","protected":false},"author":1,"featured_media":0,"comment_status":"open","ping_status":"open","sticky":false,"template":"elementor_header_footer","format":"standard","meta":{"ocean_post_layout":"","ocean_both_sidebars_style":"","ocean_both_sidebars_content_width":0,"ocean_both_sidebars_sidebars_width":0,"ocean_sidebar":"0","ocean_second_sidebar":"0","ocean_disable_margins":"enable","ocean_add_body_class":"","ocean_shortcode_before_top_bar":"","ocean_shortcode_after_top_bar":"","ocean_shortcode_before_header":"","ocean_shortcode_after_header":"","ocean_has_shortcode":"","ocean_shortcode_after_title":"","ocean_shortcode_before_footer_widgets":"","ocean_shortcode_after_footer_widgets":"","ocean_shortcode_before_footer_bottom":"","ocean_shortcode_after_footer_bottom":"","ocean_display_top_bar":"default","ocean_display_header":"default","ocean_header_style":"","ocean_center_header_left_menu":"0","ocean_custom_header_template":"0","ocean_custom_logo":0,"ocean_custom_retina_logo":0,"ocean_custom_logo_max_width":0,"ocean_custom_logo_tablet_max_width":0,"ocean_custom_logo_mobile_max_width":0,"ocean_custom_logo_max_height":0,"ocean_custom_logo_tablet_max_height":0,"ocean_custom_logo_mobile_max_height":0,"ocean_header_custom_menu":"0","ocean_menu_typo_font_family":"0","ocean_menu_typo_font_subset":"","ocean_menu_typo_font_size":0,"ocean_menu_typo_font_size_tablet":0,"ocean_menu_typo_font_size_mobile":0,"ocean_menu_typo_font_size_unit":"px","ocean_menu_typo_font_weight":"","ocean_menu_typo_font_weight_tablet":"","ocean_menu_typo_font_weight_mobile":"","ocean_menu_typo_transform":"","ocean_menu_typo_transform_tablet":"","ocean_menu_typo_transform_mobile":"","ocean_menu_typo_line_height":0,"ocean_menu_typo_line_height_tablet":0,"ocean_menu_typo_line_height_mobile":0,"ocean_menu_typo_line_height_unit":"","ocean_menu_typo_spacing":0,"ocean_menu_typo_spacing_tablet":0,"ocean_menu_typo_spacing_mobile":0,"ocean_menu_typo_spacing_unit":"","ocean_menu_link_color":"","ocean_menu_link_color_hover":"","ocean_menu_link_color_active":"","ocean_menu_link_background":"","ocean_menu_link_hover_background":"","ocean_menu_link_active_background":"","ocean_menu_social_links_bg":"","ocean_menu_social_hover_links_bg":"","ocean_menu_social_links_color":"","ocean_menu_social_hover_links_color":"","ocean_disable_title":"on","ocean_disable_heading":"default","ocean_post_title":"","ocean_post_subheading":"","ocean_post_title_style":"","ocean_post_title_background_color":"","ocean_post_title_background":0,"ocean_post_title_bg_image_position":"","ocean_post_title_bg_image_attachment":"","ocean_post_title_bg_image_repeat":"","ocean_post_title_bg_image_size":"","ocean_post_title_height":0,"ocean_post_title_bg_overlay":0.5,"ocean_post_title_bg_overlay_color":"","ocean_disable_breadcrumbs":"default","ocean_breadcrumbs_color":"","ocean_breadcrumbs_separator_color":"","ocean_breadcrumbs_links_color":"","ocean_breadcrumbs_links_hover_color":"","ocean_display_footer_widgets":"default","ocean_display_footer_bottom":"default","ocean_custom_footer_template":"0","ocean_post_oembed":"","ocean_post_self_hosted_media":"","ocean_post_video_embed":"","ocean_link_format":"","ocean_link_format_target":"self","ocean_quote_format":"","ocean_quote_format_link":"post","ocean_gallery_link_images":"on","ocean_gallery_id":[],"footnotes":""},"categories":[165,155,184,142,204],"tags":[],"class_list":["post-5058","post","type-post","status-publish","format-standard","hentry","category-2014-en","category-air-en","category-atmospheric-depression","category-france-en","category-strong-winds","entry"],"yoast_head":"<!-- This site is optimized with the Yoast SEO plugin v27.5 - https:\/\/yoast.com\/product\/yoast-seo-wordpress\/ -->\n<title># 42 Brest - &quot;Taming the wind at the Technop\u00f4le through landscape and architecture&quot; - Atlas des abris ouverts<\/title>\n<meta name=\"robots\" content=\"index, follow, max-snippet:-1, max-image-preview:large, max-video-preview:-1\" \/>\n<link rel=\"canonical\" href=\"https:\/\/www.atlas-des-abris-ouverts.com\/en\/42-brest-taming-the-wind-at-the-technopole-through-landscape-and-architecture\/\" \/>\n<meta property=\"og:locale\" content=\"en_US\" \/>\n<meta property=\"og:type\" content=\"article\" \/>\n<meta property=\"og:title\" content=\"# 42 Brest - &quot;Taming the wind at the Technop\u00f4le through landscape and architecture&quot; - Atlas des abris ouverts\" \/>\n<meta property=\"og:description\" content=\"item (s):hazards) :risk (s):land address:gestures and notions of transformation:author (s): year of diploma: AIRAtmospheric depression Strong windsBrest | FRANCEMore than a single envelope: compose filters, protections, thresholds | The fault + The invention of a mystery Florie COLIN 2014 item (s):hazards) :risk (s):land address:gestures and notions of transformation: author (s): year of diploma: AIRAtmospheric depression [&hellip;]\" \/>\n<meta property=\"og:url\" content=\"https:\/\/www.atlas-des-abris-ouverts.com\/en\/42-brest-taming-the-wind-at-the-technopole-through-landscape-and-architecture\/\" \/>\n<meta property=\"og:site_name\" content=\"Atlas des abris ouverts\" \/>\n<meta property=\"article:published_time\" content=\"2021-10-19T12:50:32+00:00\" \/>\n<meta property=\"article:modified_time\" content=\"2023-11-22T09:26:52+00:00\" \/>\n<meta property=\"og:image\" content=\"https:\/\/www.atlas-des-abris-ouverts.com\/wp-content\/uploads\/2021\/04\/42-Brest-RISQUE-scaled.jpg\" \/>\n<meta name=\"author\" content=\"admin_web_avalanche\" \/>\n<meta name=\"twitter:card\" content=\"summary_large_image\" \/>\n<meta name=\"twitter:label1\" content=\"Written by\" \/>\n\t<meta name=\"twitter:data1\" content=\"admin_web_avalanche\" \/>\n\t<meta name=\"twitter:label2\" content=\"Est. reading time\" \/>\n\t<meta name=\"twitter:data2\" content=\"1 minute\" \/>\n<script type=\"application\/ld+json\" class=\"yoast-schema-graph\">{\"@context\":\"https:\\\/\\\/schema.org\",\"@graph\":[{\"@type\":\"Article\",\"@id\":\"https:\\\/\\\/www.atlas-des-abris-ouverts.com\\\/en\\\/42-brest-taming-the-wind-at-the-technopole-through-landscape-and-architecture\\\/#article\",\"isPartOf\":{\"@id\":\"https:\\\/\\\/www.atlas-des-abris-ouverts.com\\\/en\\\/42-brest-taming-the-wind-at-the-technopole-through-landscape-and-architecture\\\/\"},\"author\":{\"name\":\"admin_web_avalanche\",\"@id\":\"https:\\\/\\\/www.atlas-des-abris-ouverts.com\\\/en\\\/#\\\/schema\\\/person\\\/2a37089436f308f3da6f6b3520142eb8\"},\"headline\":\"# 42 Brest &#8211; &#8220;Taming the wind at the Technop\u00f4le through landscape and architecture&#8221;\",\"datePublished\":\"2021-10-19T12:50:32+00:00\",\"dateModified\":\"2023-11-22T09:26:52+00:00\",\"mainEntityOfPage\":{\"@id\":\"https:\\\/\\\/www.atlas-des-abris-ouverts.com\\\/en\\\/42-brest-taming-the-wind-at-the-technopole-through-landscape-and-architecture\\\/\"},\"wordCount\":165,\"commentCount\":0,\"publisher\":{\"@id\":\"https:\\\/\\\/www.atlas-des-abris-ouverts.com\\\/en\\\/#organization\"},\"image\":{\"@id\":\"https:\\\/\\\/www.atlas-des-abris-ouverts.com\\\/en\\\/42-brest-taming-the-wind-at-the-technopole-through-landscape-and-architecture\\\/#primaryimage\"},\"thumbnailUrl\":\"https:\\\/\\\/www.atlas-des-abris-ouverts.com\\\/wp-content\\\/uploads\\\/2021\\\/04\\\/42-Brest-RISQUE-scaled.jpg\",\"articleSection\":[\"2014\",\"Air\",\"Atmospheric depression\",\"France\",\"Strong winds\"],\"inLanguage\":\"en-US\",\"potentialAction\":[{\"@type\":\"CommentAction\",\"name\":\"Comment\",\"target\":[\"https:\\\/\\\/www.atlas-des-abris-ouverts.com\\\/en\\\/42-brest-taming-the-wind-at-the-technopole-through-landscape-and-architecture\\\/#respond\"]}]},{\"@type\":\"WebPage\",\"@id\":\"https:\\\/\\\/www.atlas-des-abris-ouverts.com\\\/en\\\/42-brest-taming-the-wind-at-the-technopole-through-landscape-and-architecture\\\/\",\"url\":\"https:\\\/\\\/www.atlas-des-abris-ouverts.com\\\/en\\\/42-brest-taming-the-wind-at-the-technopole-through-landscape-and-architecture\\\/\",\"name\":\"# 42 Brest - \\\"Taming the wind at the Technop\u00f4le through landscape and architecture\\\" - Atlas des abris ouverts\",\"isPartOf\":{\"@id\":\"https:\\\/\\\/www.atlas-des-abris-ouverts.com\\\/en\\\/#website\"},\"primaryImageOfPage\":{\"@id\":\"https:\\\/\\\/www.atlas-des-abris-ouverts.com\\\/en\\\/42-brest-taming-the-wind-at-the-technopole-through-landscape-and-architecture\\\/#primaryimage\"},\"image\":{\"@id\":\"https:\\\/\\\/www.atlas-des-abris-ouverts.com\\\/en\\\/42-brest-taming-the-wind-at-the-technopole-through-landscape-and-architecture\\\/#primaryimage\"},\"thumbnailUrl\":\"https:\\\/\\\/www.atlas-des-abris-ouverts.com\\\/wp-content\\\/uploads\\\/2021\\\/04\\\/42-Brest-RISQUE-scaled.jpg\",\"datePublished\":\"2021-10-19T12:50:32+00:00\",\"dateModified\":\"2023-11-22T09:26:52+00:00\",\"breadcrumb\":{\"@id\":\"https:\\\/\\\/www.atlas-des-abris-ouverts.com\\\/en\\\/42-brest-taming-the-wind-at-the-technopole-through-landscape-and-architecture\\\/#breadcrumb\"},\"inLanguage\":\"en-US\",\"potentialAction\":[{\"@type\":\"ReadAction\",\"target\":[\"https:\\\/\\\/www.atlas-des-abris-ouverts.com\\\/en\\\/42-brest-taming-the-wind-at-the-technopole-through-landscape-and-architecture\\\/\"]}]},{\"@type\":\"ImageObject\",\"inLanguage\":\"en-US\",\"@id\":\"https:\\\/\\\/www.atlas-des-abris-ouverts.com\\\/en\\\/42-brest-taming-the-wind-at-the-technopole-through-landscape-and-architecture\\\/#primaryimage\",\"url\":\"https:\\\/\\\/www.atlas-des-abris-ouverts.com\\\/wp-content\\\/uploads\\\/2021\\\/04\\\/42-Brest-RISQUE-scaled.jpg\",\"contentUrl\":\"https:\\\/\\\/www.atlas-des-abris-ouverts.com\\\/wp-content\\\/uploads\\\/2021\\\/04\\\/42-Brest-RISQUE-scaled.jpg\"},{\"@type\":\"BreadcrumbList\",\"@id\":\"https:\\\/\\\/www.atlas-des-abris-ouverts.com\\\/en\\\/42-brest-taming-the-wind-at-the-technopole-through-landscape-and-architecture\\\/#breadcrumb\",\"itemListElement\":[{\"@type\":\"ListItem\",\"position\":1,\"name\":\"Home\",\"item\":\"https:\\\/\\\/www.atlas-des-abris-ouverts.com\\\/en\\\/\"},{\"@type\":\"ListItem\",\"position\":2,\"name\":\"# 42 Brest &#8211; &#8220;Taming the wind at the Technop\u00f4le through landscape and architecture&#8221;\"}]},{\"@type\":\"WebSite\",\"@id\":\"https:\\\/\\\/www.atlas-des-abris-ouverts.com\\\/en\\\/#website\",\"url\":\"https:\\\/\\\/www.atlas-des-abris-ouverts.com\\\/en\\\/\",\"name\":\"Atlas des abris ouverts\",\"description\":\"\",\"publisher\":{\"@id\":\"https:\\\/\\\/www.atlas-des-abris-ouverts.com\\\/en\\\/#organization\"},\"potentialAction\":[{\"@type\":\"SearchAction\",\"target\":{\"@type\":\"EntryPoint\",\"urlTemplate\":\"https:\\\/\\\/www.atlas-des-abris-ouverts.com\\\/en\\\/?s={search_term_string}\"},\"query-input\":{\"@type\":\"PropertyValueSpecification\",\"valueRequired\":true,\"valueName\":\"search_term_string\"}}],\"inLanguage\":\"en-US\"},{\"@type\":\"Organization\",\"@id\":\"https:\\\/\\\/www.atlas-des-abris-ouverts.com\\\/en\\\/#organization\",\"name\":\"Atlas des abris ouverts\",\"url\":\"https:\\\/\\\/www.atlas-des-abris-ouverts.com\\\/en\\\/\",\"logo\":{\"@type\":\"ImageObject\",\"inLanguage\":\"en-US\",\"@id\":\"https:\\\/\\\/www.atlas-des-abris-ouverts.com\\\/en\\\/#\\\/schema\\\/logo\\\/image\\\/\",\"url\":\"https:\\\/\\\/www.atlas-des-abris-ouverts.com\\\/wp-content\\\/uploads\\\/2021\\\/03\\\/ATLAS-DES-ABRITS-OUVERTS.png\",\"contentUrl\":\"https:\\\/\\\/www.atlas-des-abris-ouverts.com\\\/wp-content\\\/uploads\\\/2021\\\/03\\\/ATLAS-DES-ABRITS-OUVERTS.png\",\"width\":798,\"height\":187,\"caption\":\"Atlas des abris ouverts\"},\"image\":{\"@id\":\"https:\\\/\\\/www.atlas-des-abris-ouverts.com\\\/en\\\/#\\\/schema\\\/logo\\\/image\\\/\"}},{\"@type\":\"Person\",\"@id\":\"https:\\\/\\\/www.atlas-des-abris-ouverts.com\\\/en\\\/#\\\/schema\\\/person\\\/2a37089436f308f3da6f6b3520142eb8\",\"name\":\"admin_web_avalanche\",\"image\":{\"@type\":\"ImageObject\",\"inLanguage\":\"en-US\",\"@id\":\"https:\\\/\\\/secure.gravatar.com\\\/avatar\\\/4d02eafb58b023bd5655fae0dbfa60b1953d0203cbdd77f77a85fa2e1d6633c4?s=96&d=mm&r=g\",\"url\":\"https:\\\/\\\/secure.gravatar.com\\\/avatar\\\/4d02eafb58b023bd5655fae0dbfa60b1953d0203cbdd77f77a85fa2e1d6633c4?s=96&d=mm&r=g\",\"contentUrl\":\"https:\\\/\\\/secure.gravatar.com\\\/avatar\\\/4d02eafb58b023bd5655fae0dbfa60b1953d0203cbdd77f77a85fa2e1d6633c4?s=96&d=mm&r=g\",\"caption\":\"admin_web_avalanche\"},\"sameAs\":[\"https:\\\/\\\/www.atlas-des-abris-ouverts.com\"],\"url\":\"https:\\\/\\\/www.atlas-des-abris-ouverts.com\\\/en\\\/author\\\/admin_web_avalanche\\\/\"}]}<\/script>\n<!-- \/ Yoast SEO plugin. -->","yoast_head_json":{"title":"# 42 Brest - \"Taming the wind at the Technop\u00f4le through landscape and architecture\" - Atlas des abris ouverts","robots":{"index":"index","follow":"follow","max-snippet":"max-snippet:-1","max-image-preview":"max-image-preview:large","max-video-preview":"max-video-preview:-1"},"canonical":"https:\/\/www.atlas-des-abris-ouverts.com\/en\/42-brest-taming-the-wind-at-the-technopole-through-landscape-and-architecture\/","og_locale":"en_US","og_type":"article","og_title":"# 42 Brest - \"Taming the wind at the Technop\u00f4le through landscape and architecture\" - Atlas des abris ouverts","og_description":"item (s):hazards) :risk (s):land address:gestures and notions of transformation:author (s): year of diploma: AIRAtmospheric depression Strong windsBrest | FRANCEMore than a single envelope: compose filters, protections, thresholds | The fault + The invention of a mystery Florie COLIN 2014 item (s):hazards) :risk (s):land address:gestures and notions of transformation: author (s): year of diploma: AIRAtmospheric depression [&hellip;]","og_url":"https:\/\/www.atlas-des-abris-ouverts.com\/en\/42-brest-taming-the-wind-at-the-technopole-through-landscape-and-architecture\/","og_site_name":"Atlas des abris ouverts","article_published_time":"2021-10-19T12:50:32+00:00","article_modified_time":"2023-11-22T09:26:52+00:00","og_image":[{"url":"https:\/\/www.atlas-des-abris-ouverts.com\/wp-content\/uploads\/2021\/04\/42-Brest-RISQUE-scaled.jpg","type":"","width":"","height":""}],"author":"admin_web_avalanche","twitter_card":"summary_large_image","twitter_misc":{"Written by":"admin_web_avalanche","Est. reading time":"1 minute"},"schema":{"@context":"https:\/\/schema.org","@graph":[{"@type":"Article","@id":"https:\/\/www.atlas-des-abris-ouverts.com\/en\/42-brest-taming-the-wind-at-the-technopole-through-landscape-and-architecture\/#article","isPartOf":{"@id":"https:\/\/www.atlas-des-abris-ouverts.com\/en\/42-brest-taming-the-wind-at-the-technopole-through-landscape-and-architecture\/"},"author":{"name":"admin_web_avalanche","@id":"https:\/\/www.atlas-des-abris-ouverts.com\/en\/#\/schema\/person\/2a37089436f308f3da6f6b3520142eb8"},"headline":"# 42 Brest &#8211; &#8220;Taming the wind at the Technop\u00f4le through landscape and architecture&#8221;","datePublished":"2021-10-19T12:50:32+00:00","dateModified":"2023-11-22T09:26:52+00:00","mainEntityOfPage":{"@id":"https:\/\/www.atlas-des-abris-ouverts.com\/en\/42-brest-taming-the-wind-at-the-technopole-through-landscape-and-architecture\/"},"wordCount":165,"commentCount":0,"publisher":{"@id":"https:\/\/www.atlas-des-abris-ouverts.com\/en\/#organization"},"image":{"@id":"https:\/\/www.atlas-des-abris-ouverts.com\/en\/42-brest-taming-the-wind-at-the-technopole-through-landscape-and-architecture\/#primaryimage"},"thumbnailUrl":"https:\/\/www.atlas-des-abris-ouverts.com\/wp-content\/uploads\/2021\/04\/42-Brest-RISQUE-scaled.jpg","articleSection":["2014","Air","Atmospheric depression","France","Strong winds"],"inLanguage":"en-US","potentialAction":[{"@type":"CommentAction","name":"Comment","target":["https:\/\/www.atlas-des-abris-ouverts.com\/en\/42-brest-taming-the-wind-at-the-technopole-through-landscape-and-architecture\/#respond"]}]},{"@type":"WebPage","@id":"https:\/\/www.atlas-des-abris-ouverts.com\/en\/42-brest-taming-the-wind-at-the-technopole-through-landscape-and-architecture\/","url":"https:\/\/www.atlas-des-abris-ouverts.com\/en\/42-brest-taming-the-wind-at-the-technopole-through-landscape-and-architecture\/","name":"# 42 Brest - \"Taming the wind at the Technop\u00f4le through landscape and architecture\" - Atlas des abris ouverts","isPartOf":{"@id":"https:\/\/www.atlas-des-abris-ouverts.com\/en\/#website"},"primaryImageOfPage":{"@id":"https:\/\/www.atlas-des-abris-ouverts.com\/en\/42-brest-taming-the-wind-at-the-technopole-through-landscape-and-architecture\/#primaryimage"},"image":{"@id":"https:\/\/www.atlas-des-abris-ouverts.com\/en\/42-brest-taming-the-wind-at-the-technopole-through-landscape-and-architecture\/#primaryimage"},"thumbnailUrl":"https:\/\/www.atlas-des-abris-ouverts.com\/wp-content\/uploads\/2021\/04\/42-Brest-RISQUE-scaled.jpg","datePublished":"2021-10-19T12:50:32+00:00","dateModified":"2023-11-22T09:26:52+00:00","breadcrumb":{"@id":"https:\/\/www.atlas-des-abris-ouverts.com\/en\/42-brest-taming-the-wind-at-the-technopole-through-landscape-and-architecture\/#breadcrumb"},"inLanguage":"en-US","potentialAction":[{"@type":"ReadAction","target":["https:\/\/www.atlas-des-abris-ouverts.com\/en\/42-brest-taming-the-wind-at-the-technopole-through-landscape-and-architecture\/"]}]},{"@type":"ImageObject","inLanguage":"en-US","@id":"https:\/\/www.atlas-des-abris-ouverts.com\/en\/42-brest-taming-the-wind-at-the-technopole-through-landscape-and-architecture\/#primaryimage","url":"https:\/\/www.atlas-des-abris-ouverts.com\/wp-content\/uploads\/2021\/04\/42-Brest-RISQUE-scaled.jpg","contentUrl":"https:\/\/www.atlas-des-abris-ouverts.com\/wp-content\/uploads\/2021\/04\/42-Brest-RISQUE-scaled.jpg"},{"@type":"BreadcrumbList","@id":"https:\/\/www.atlas-des-abris-ouverts.com\/en\/42-brest-taming-the-wind-at-the-technopole-through-landscape-and-architecture\/#breadcrumb","itemListElement":[{"@type":"ListItem","position":1,"name":"Home","item":"https:\/\/www.atlas-des-abris-ouverts.com\/en\/"},{"@type":"ListItem","position":2,"name":"# 42 Brest &#8211; &#8220;Taming the wind at the Technop\u00f4le through landscape and architecture&#8221;"}]},{"@type":"WebSite","@id":"https:\/\/www.atlas-des-abris-ouverts.com\/en\/#website","url":"https:\/\/www.atlas-des-abris-ouverts.com\/en\/","name":"Atlas des abris ouverts","description":"","publisher":{"@id":"https:\/\/www.atlas-des-abris-ouverts.com\/en\/#organization"},"potentialAction":[{"@type":"SearchAction","target":{"@type":"EntryPoint","urlTemplate":"https:\/\/www.atlas-des-abris-ouverts.com\/en\/?s={search_term_string}"},"query-input":{"@type":"PropertyValueSpecification","valueRequired":true,"valueName":"search_term_string"}}],"inLanguage":"en-US"},{"@type":"Organization","@id":"https:\/\/www.atlas-des-abris-ouverts.com\/en\/#organization","name":"Atlas des abris ouverts","url":"https:\/\/www.atlas-des-abris-ouverts.com\/en\/","logo":{"@type":"ImageObject","inLanguage":"en-US","@id":"https:\/\/www.atlas-des-abris-ouverts.com\/en\/#\/schema\/logo\/image\/","url":"https:\/\/www.atlas-des-abris-ouverts.com\/wp-content\/uploads\/2021\/03\/ATLAS-DES-ABRITS-OUVERTS.png","contentUrl":"https:\/\/www.atlas-des-abris-ouverts.com\/wp-content\/uploads\/2021\/03\/ATLAS-DES-ABRITS-OUVERTS.png","width":798,"height":187,"caption":"Atlas des abris ouverts"},"image":{"@id":"https:\/\/www.atlas-des-abris-ouverts.com\/en\/#\/schema\/logo\/image\/"}},{"@type":"Person","@id":"https:\/\/www.atlas-des-abris-ouverts.com\/en\/#\/schema\/person\/2a37089436f308f3da6f6b3520142eb8","name":"admin_web_avalanche","image":{"@type":"ImageObject","inLanguage":"en-US","@id":"https:\/\/secure.gravatar.com\/avatar\/4d02eafb58b023bd5655fae0dbfa60b1953d0203cbdd77f77a85fa2e1d6633c4?s=96&d=mm&r=g","url":"https:\/\/secure.gravatar.com\/avatar\/4d02eafb58b023bd5655fae0dbfa60b1953d0203cbdd77f77a85fa2e1d6633c4?s=96&d=mm&r=g","contentUrl":"https:\/\/secure.gravatar.com\/avatar\/4d02eafb58b023bd5655fae0dbfa60b1953d0203cbdd77f77a85fa2e1d6633c4?s=96&d=mm&r=g","caption":"admin_web_avalanche"},"sameAs":["https:\/\/www.atlas-des-abris-ouverts.com"],"url":"https:\/\/www.atlas-des-abris-ouverts.com\/en\/author\/admin_web_avalanche\/"}]}},"_links":{"self":[{"href":"https:\/\/www.atlas-des-abris-ouverts.com\/en\/wp-json\/wp\/v2\/posts\/5058","targetHints":{"allow":["GET"]}}],"collection":[{"href":"https:\/\/www.atlas-des-abris-ouverts.com\/en\/wp-json\/wp\/v2\/posts"}],"about":[{"href":"https:\/\/www.atlas-des-abris-ouverts.com\/en\/wp-json\/wp\/v2\/types\/post"}],"author":[{"embeddable":true,"href":"https:\/\/www.atlas-des-abris-ouverts.com\/en\/wp-json\/wp\/v2\/users\/1"}],"replies":[{"embeddable":true,"href":"https:\/\/www.atlas-des-abris-ouverts.com\/en\/wp-json\/wp\/v2\/comments?post=5058"}],"version-history":[{"count":3,"href":"https:\/\/www.atlas-des-abris-ouverts.com\/en\/wp-json\/wp\/v2\/posts\/5058\/revisions"}],"predecessor-version":[{"id":6649,"href":"https:\/\/www.atlas-des-abris-ouverts.com\/en\/wp-json\/wp\/v2\/posts\/5058\/revisions\/6649"}],"wp:attachment":[{"href":"https:\/\/www.atlas-des-abris-ouverts.com\/en\/wp-json\/wp\/v2\/media?parent=5058"}],"wp:term":[{"taxonomy":"category","embeddable":true,"href":"https:\/\/www.atlas-des-abris-ouverts.com\/en\/wp-json\/wp\/v2\/categories?post=5058"},{"taxonomy":"post_tag","embeddable":true,"href":"https:\/\/www.atlas-des-abris-ouverts.com\/en\/wp-json\/wp\/v2\/tags?post=5058"}],"curies":[{"name":"wp","href":"https:\/\/api.w.org\/{rel}","templated":true}]}}