{"id":5044,"date":"2021-10-19T12:49:19","date_gmt":"2021-10-19T12:49:19","guid":{"rendered":"https:\/\/www.atlas-des-abris-ouverts.com\/21-wadden-sea-two-territories-facing-submersion\/"},"modified":"2023-11-28T09:00:09","modified_gmt":"2023-11-28T09:00:09","slug":"21-wadden-sea-two-territories-facing-submersion","status":"publish","type":"post","link":"https:\/\/www.atlas-des-abris-ouverts.com\/en\/21-wadden-sea-two-territories-facing-submersion\/","title":{"rendered":"# 21 Wadden Sea &#8211; &#8220;Two territories facing submersion&#8221;"},"content":{"rendered":"\t\t<div data-elementor-type=\"wp-post\" data-elementor-id=\"5044\" class=\"elementor elementor-5044 elementor-2285\" data-elementor-post-type=\"post\">\n\t\t\t\t\t\t<section class=\"elementor-section elementor-top-section elementor-element elementor-element-27fbaafc elementor-section-content-middle elementor-section-boxed elementor-section-height-default elementor-section-height-default\" data-id=\"27fbaafc\" data-element_type=\"section\" data-e-type=\"section\" data-settings=\"{&quot;background_background&quot;:&quot;classic&quot;,&quot;jet_parallax_layout_list&quot;:[]}\">\n\t\t\t\t\t\t\t<div class=\"elementor-background-overlay\"><\/div>\n\t\t\t\t\t\t\t<div class=\"elementor-container elementor-column-gap-default\">\n\t\t\t\t\t<div class=\"elementor-column elementor-col-100 elementor-top-column elementor-element elementor-element-2933cd93\" data-id=\"2933cd93\" data-element_type=\"column\" data-e-type=\"column\" data-settings=\"{&quot;background_background&quot;:&quot;classic&quot;}\">\n\t\t\t<div class=\"elementor-widget-wrap elementor-element-populated\">\n\t\t\t\t\t\t<section class=\"elementor-section elementor-inner-section elementor-element elementor-element-37a941f elementor-hidden-phone elementor-section-boxed elementor-section-height-default elementor-section-height-default\" data-id=\"37a941f\" data-element_type=\"section\" data-e-type=\"section\" data-settings=\"{&quot;jet_parallax_layout_list&quot;:[]}\">\n\t\t\t\t\t\t<div class=\"elementor-container elementor-column-gap-default\">\n\t\t\t\t\t<div class=\"elementor-column elementor-col-50 elementor-inner-column elementor-element elementor-element-71c8f96\" data-id=\"71c8f96\" data-element_type=\"column\" data-e-type=\"column\">\n\t\t\t<div class=\"elementor-widget-wrap elementor-element-populated\">\n\t\t\t\t\t\t<div class=\"elementor-element elementor-element-cc2e0dd elementor-widget elementor-widget-text-editor\" data-id=\"cc2e0dd\" data-element_type=\"widget\" data-e-type=\"widget\" data-widget_type=\"text-editor.default\">\n\t\t\t\t<div class=\"elementor-widget-container\">\n\t\t\t\t\t\t\t\t\t<p>item (s):<br \/>hazards) :<br \/>risk (s):<br \/>land address:<br \/>gestures and notions of transformation:<\/p>\n<p>author (s):<\/p>\n<p>year of diploma:<\/p>\n\t\t\t\t\t\t\t\t<\/div>\n\t\t\t\t<\/div>\n\t\t\t\t\t<\/div>\n\t\t<\/div>\n\t\t\t\t<div class=\"elementor-column elementor-col-50 elementor-inner-column elementor-element elementor-element-fd0f017\" data-id=\"fd0f017\" data-element_type=\"column\" data-e-type=\"column\">\n\t\t\t<div class=\"elementor-widget-wrap elementor-element-populated\">\n\t\t\t\t\t\t<div class=\"elementor-element elementor-element-689d5bc elementor-widget elementor-widget-text-editor\" data-id=\"689d5bc\" data-element_type=\"widget\" data-e-type=\"widget\" data-widget_type=\"text-editor.default\">\n\t\t\t\t<div class=\"elementor-widget-container\">\n\t\t\t\t\t\t\t\t\t<p><strong>WATER<\/strong><br \/><strong>Erosion and river flooding<\/strong><br \/><strong>Soil loss and flooding<\/strong><br \/><strong>Wadden Sea | GERMANY<\/strong><br \/><strong>Rethink the homogeneous infrastructure and initiate multifunctional and heterogeneous responses + Let it go, let it go | The metamorphosis + The traces<\/strong><\/p>\n<p><strong><a href=\"arnaud.dan.comte@gmail.com\">Arnaud COMTE<\/a> &#8211;<a href=\"ronfabre@gmail.com\"> Ronan FABRE<\/a><\/strong><\/p>\n<p><strong>2018<\/strong><\/p>\n\t\t\t\t\t\t\t\t<\/div>\n\t\t\t\t<\/div>\n\t\t\t\t\t<\/div>\n\t\t<\/div>\n\t\t\t\t\t<\/div>\n\t\t<\/section>\n\t\t\t\t<section class=\"elementor-section elementor-inner-section elementor-element elementor-element-b2a8faa elementor-hidden-desktop elementor-hidden-tablet elementor-section-boxed elementor-section-height-default elementor-section-height-default\" data-id=\"b2a8faa\" data-element_type=\"section\" data-e-type=\"section\" data-settings=\"{&quot;jet_parallax_layout_list&quot;:[]}\">\n\t\t\t\t\t\t<div class=\"elementor-container elementor-column-gap-default\">\n\t\t\t\t\t<div class=\"elementor-column elementor-col-50 elementor-inner-column elementor-element elementor-element-26fef5f\" data-id=\"26fef5f\" data-element_type=\"column\" data-e-type=\"column\">\n\t\t\t<div class=\"elementor-widget-wrap elementor-element-populated\">\n\t\t\t\t\t\t<div class=\"elementor-element elementor-element-651963e elementor-widget elementor-widget-text-editor\" data-id=\"651963e\" data-element_type=\"widget\" data-e-type=\"widget\" data-widget_type=\"text-editor.default\">\n\t\t\t\t<div class=\"elementor-widget-container\">\n\t\t\t\t\t\t\t\t\t<p>item (s):<br \/>hazards) :<br \/>risk (s):<br \/>land address:<br \/>gestures and notions of transformation:<\/p>\n<p>author (s):<\/p>\n<p>year of diploma:<\/p>\n\t\t\t\t\t\t\t\t<\/div>\n\t\t\t\t<\/div>\n\t\t\t\t\t<\/div>\n\t\t<\/div>\n\t\t\t\t<div class=\"elementor-column elementor-col-50 elementor-inner-column elementor-element elementor-element-30fa18e\" data-id=\"30fa18e\" data-element_type=\"column\" data-e-type=\"column\">\n\t\t\t<div class=\"elementor-widget-wrap elementor-element-populated\">\n\t\t\t\t\t\t<div class=\"elementor-element elementor-element-c120252 elementor-widget elementor-widget-text-editor\" data-id=\"c120252\" data-element_type=\"widget\" data-e-type=\"widget\" data-widget_type=\"text-editor.default\">\n\t\t\t\t<div class=\"elementor-widget-container\">\n\t\t\t\t\t\t\t\t\t<p><strong>WATER<\/strong><br \/><strong>Erosion and river flooding<\/strong><br \/><strong>Soil loss and flooding<\/strong><br \/><strong>Wadden Sea | GERMANY<\/strong><br \/><strong>Rethink the homogeneous infrastructure and initiate multifunctional and heterogeneous responses + Let it go, let it go | The metamorphosis + The traces<\/strong><\/p>\n<p><strong><a href=\"arnaud.dan.comte@gmail.com\">Arnaud COMTE<\/a> &#8211;<a href=\"ronfabre@gmail.com\"> Ronan FABRE<\/a><\/strong><\/p>\n<p><strong>2018<\/strong><\/p>\n\t\t\t\t\t\t\t\t<\/div>\n\t\t\t\t<\/div>\n\t\t\t\t\t<\/div>\n\t\t<\/div>\n\t\t\t\t\t<\/div>\n\t\t<\/section>\n\t\t\t\t<section class=\"elementor-section elementor-inner-section elementor-element elementor-element-47676af elementor-section-boxed elementor-section-height-default elementor-section-height-default\" data-id=\"47676af\" data-element_type=\"section\" data-e-type=\"section\" data-settings=\"{&quot;jet_parallax_layout_list&quot;:[]}\">\n\t\t\t\t\t\t<div class=\"elementor-container elementor-column-gap-default\">\n\t\t\t\t\t<div class=\"elementor-column elementor-col-50 elementor-inner-column elementor-element elementor-element-a6dfb3a\" data-id=\"a6dfb3a\" data-element_type=\"column\" data-e-type=\"column\">\n\t\t\t<div class=\"elementor-widget-wrap elementor-element-populated\">\n\t\t\t\t\t\t<div class=\"elementor-element elementor-element-62d8c2b elementor-widget-divider--view-line elementor-widget elementor-widget-divider\" data-id=\"62d8c2b\" data-element_type=\"widget\" data-e-type=\"widget\" data-widget_type=\"divider.default\">\n\t\t\t\t<div class=\"elementor-widget-container\">\n\t\t\t\t\t\t\t<div class=\"elementor-divider\">\n\t\t\t<span class=\"elementor-divider-separator\">\n\t\t\t\t\t\t<\/span>\n\t\t<\/div>\n\t\t\t\t\t\t<\/div>\n\t\t\t\t<\/div>\n\t\t\t\t<div class=\"elementor-element elementor-element-709ccd82 elementor-widget elementor-widget-heading\" data-id=\"709ccd82\" data-element_type=\"widget\" data-e-type=\"widget\" data-widget_type=\"heading.default\">\n\t\t\t\t<div class=\"elementor-widget-container\">\n\t\t\t\t\t<h1 class=\"elementor-heading-title elementor-size-default\">\"Two territories facing submersion\" <\/h1>\t\t\t\t<\/div>\n\t\t\t\t<\/div>\n\t\t\t\t<div class=\"elementor-element elementor-element-3660e92 elementor-widget elementor-widget-text-editor\" data-id=\"3660e92\" data-element_type=\"widget\" data-e-type=\"widget\" data-widget_type=\"text-editor.default\">\n\t\t\t\t<div class=\"elementor-widget-container\">\n\t\t\t\t\t\t\t\t\t<p><span data-sheets-value=\"{\"1\":2,\"2\":\"Les \u00eeles de la Mer des Wadden, au nord de l\u2019Allemagne, sont rong\u00e9es par des ph\u00e9nom\u00e8nes d\u2019\u00e9rosion due aux mar\u00e9es. Pour esp\u00e9rer ralentir le processus, diff\u00e9rentes digues ont \u00e9t\u00e9 \u00e9rig\u00e9es en p\u00e9riph\u00e9rie des champs, sur les bordures ext\u00e9rieures. Mais que se passerait-il si nous utilisions diff\u00e9remment ces digues ? Ce projet fait l\u2019hypoth\u00e8se d\u2019une re-s\u00e9dimentation lente de l\u2019\u00eele via l\u2019ouverture localis\u00e9e de la digue. Que faire d\u2019une digue morcel\u00e9e ? Que projeter sur un paysage en construction ?\"}\" data-sheets-userformat=\"{\"2\":14529,\"3\":{\"1\":0,\"3\":1},\"9\":0,\"10\":1,\"14\":{\"1\":3,\"3\":1},\"15\":\"Calibri\",\"16\":11}\">The islands of the Wadden Sea, in northern Germany, are eroded by tidal erosion. In the hope of slowing down the process, various dikes have been erected on the outskirts of the fields, on the outer edges. But what if we use these dikes differently? This project assumes a slow re-sedimentation of the island via the localized opening of the dike. What to do with a fragmented dike? What to project on a landscape under construction?     <\/span><\/p>\n\t\t\t\t\t\t\t\t<\/div>\n\t\t\t\t<\/div>\n\t\t\t\t\t<\/div>\n\t\t<\/div>\n\t\t\t\t<div class=\"elementor-column elementor-col-50 elementor-inner-column elementor-element elementor-element-0529f7c\" data-id=\"0529f7c\" data-element_type=\"column\" data-e-type=\"column\">\n\t\t\t<div class=\"elementor-widget-wrap\">\n\t\t\t\t\t\t\t<\/div>\n\t\t<\/div>\n\t\t\t\t\t<\/div>\n\t\t<\/section>\n\t\t\t\t<div class=\"elementor-element elementor-element-562a541 elementor-widget elementor-widget-heading\" data-id=\"562a541\" data-element_type=\"widget\" data-e-type=\"widget\" data-widget_type=\"heading.default\">\n\t\t\t\t<div class=\"elementor-widget-container\">\n\t\t\t\t\t<h2 class=\"elementor-heading-title elementor-size-default\">#Inhabited environment<\/h2>\t\t\t\t<\/div>\n\t\t\t\t<\/div>\n\t\t\t\t<div class=\"elementor-element elementor-element-65d7bea gallery-spacing-custom elementor-widget elementor-widget-image-gallery\" data-id=\"65d7bea\" data-element_type=\"widget\" data-e-type=\"widget\" data-widget_type=\"image-gallery.default\">\n\t\t\t\t<div class=\"elementor-widget-container\">\n\t\t\t\t\t\t\t<div class=\"elementor-image-gallery\">\n\t\t\t<div id='gallery-1' class='gallery galleryid-5044 gallery-columns-3 gallery-size-full'><figure class='gallery-item'>\n\t\t\t<div class='gallery-icon portrait'>\n\t\t\t\t<a data-elementor-open-lightbox=\"yes\" data-elementor-lightbox-slideshow=\"65d7bea\" data-elementor-lightbox-title=\"#21 Mer des Wadden-Milieu habite\u03011\" data-e-action-hash=\"#elementor-action%3Aaction%3Dlightbox%26settings%3DeyJpZCI6NjE5MiwidXJsIjoiaHR0cHM6XC9cL3d3dy5hdGxhcy1kZXMtYWJyaXMtb3V2ZXJ0cy5jb21cL3dwLWNvbnRlbnRcL3VwbG9hZHNcLzIwMjNcLzExXC8yMS1NZXItZGVzLVdhZGRlbi1NaWxpZXUtaGFiaXRlMS5qcGciLCJzbGlkZXNob3ciOiI2NWQ3YmVhIn0%3D\" href='https:\/\/www.atlas-des-abris-ouverts.com\/wp-content\/uploads\/2023\/11\/21-Mer-des-Wadden-Milieu-habite1.jpg'><img fetchpriority=\"high\" decoding=\"async\" width=\"414\" height=\"2481\" src=\"https:\/\/www.atlas-des-abris-ouverts.com\/wp-content\/uploads\/2023\/11\/21-Mer-des-Wadden-Milieu-habite1.jpg\" class=\"attachment-full size-full\" alt=\"\" srcset=\"https:\/\/www.atlas-des-abris-ouverts.com\/wp-content\/uploads\/2023\/11\/21-Mer-des-Wadden-Milieu-habite1.jpg 414w, https:\/\/www.atlas-des-abris-ouverts.com\/wp-content\/uploads\/2023\/11\/21-Mer-des-Wadden-Milieu-habite1-50x300.jpg 50w\" sizes=\"(max-width: 414px) 100vw, 414px\" \/><\/a>\n\t\t\t<\/div><\/figure><figure class='gallery-item'>\n\t\t\t<div class='gallery-icon portrait'>\n\t\t\t\t<a data-elementor-open-lightbox=\"yes\" data-elementor-lightbox-slideshow=\"65d7bea\" data-elementor-lightbox-title=\"#21 Mer des Wadden-Mileu habite\u03012\" data-e-action-hash=\"#elementor-action%3Aaction%3Dlightbox%26settings%3DeyJpZCI6NjE5NCwidXJsIjoiaHR0cHM6XC9cL3d3dy5hdGxhcy1kZXMtYWJyaXMtb3V2ZXJ0cy5jb21cL3dwLWNvbnRlbnRcL3VwbG9hZHNcLzIwMjNcLzExXC8yMS1NZXItZGVzLVdhZGRlbi1NaWxldS1oYWJpdGUyLmpwZyIsInNsaWRlc2hvdyI6IjY1ZDdiZWEifQ%3D%3D\" href='https:\/\/www.atlas-des-abris-ouverts.com\/wp-content\/uploads\/2023\/11\/21-Mer-des-Wadden-Mileu-habite2.jpg'><img decoding=\"async\" width=\"414\" height=\"2481\" src=\"https:\/\/www.atlas-des-abris-ouverts.com\/wp-content\/uploads\/2023\/11\/21-Mer-des-Wadden-Mileu-habite2.jpg\" class=\"attachment-full size-full\" alt=\"\" srcset=\"https:\/\/www.atlas-des-abris-ouverts.com\/wp-content\/uploads\/2023\/11\/21-Mer-des-Wadden-Mileu-habite2.jpg 414w, https:\/\/www.atlas-des-abris-ouverts.com\/wp-content\/uploads\/2023\/11\/21-Mer-des-Wadden-Mileu-habite2-50x300.jpg 50w\" sizes=\"(max-width: 414px) 100vw, 414px\" \/><\/a>\n\t\t\t<\/div><\/figure><figure class='gallery-item'>\n\t\t\t<div class='gallery-icon portrait'>\n\t\t\t\t<a data-elementor-open-lightbox=\"yes\" data-elementor-lightbox-slideshow=\"65d7bea\" data-elementor-lightbox-title=\"#21 Mer des Wadden-Milieu habite\u03013\" data-e-action-hash=\"#elementor-action%3Aaction%3Dlightbox%26settings%3DeyJpZCI6NjE5NiwidXJsIjoiaHR0cHM6XC9cL3d3dy5hdGxhcy1kZXMtYWJyaXMtb3V2ZXJ0cy5jb21cL3dwLWNvbnRlbnRcL3VwbG9hZHNcLzIwMjNcLzExXC8yMS1NZXItZGVzLVdhZGRlbi1NaWxpZXUtaGFiaXRlMy5qcGciLCJzbGlkZXNob3ciOiI2NWQ3YmVhIn0%3D\" href='https:\/\/www.atlas-des-abris-ouverts.com\/wp-content\/uploads\/2023\/11\/21-Mer-des-Wadden-Milieu-habite3.jpg'><img decoding=\"async\" width=\"414\" height=\"2481\" src=\"https:\/\/www.atlas-des-abris-ouverts.com\/wp-content\/uploads\/2023\/11\/21-Mer-des-Wadden-Milieu-habite3.jpg\" class=\"attachment-full size-full\" alt=\"\" srcset=\"https:\/\/www.atlas-des-abris-ouverts.com\/wp-content\/uploads\/2023\/11\/21-Mer-des-Wadden-Milieu-habite3.jpg 414w, https:\/\/www.atlas-des-abris-ouverts.com\/wp-content\/uploads\/2023\/11\/21-Mer-des-Wadden-Milieu-habite3-50x300.jpg 50w\" sizes=\"(max-width: 414px) 100vw, 414px\" \/><\/a>\n\t\t\t<\/div><\/figure><figure class='gallery-item'>\n\t\t\t<div class='gallery-icon portrait'>\n\t\t\t\t<a data-elementor-open-lightbox=\"yes\" data-elementor-lightbox-slideshow=\"65d7bea\" data-elementor-lightbox-title=\"#21 Mer des Wadden-Milieu habite\u03014\" data-e-action-hash=\"#elementor-action%3Aaction%3Dlightbox%26settings%3DeyJpZCI6NjE5OCwidXJsIjoiaHR0cHM6XC9cL3d3dy5hdGxhcy1kZXMtYWJyaXMtb3V2ZXJ0cy5jb21cL3dwLWNvbnRlbnRcL3VwbG9hZHNcLzIwMjNcLzExXC8yMS1NZXItZGVzLVdhZGRlbi1NaWxpZXUtaGFiaXRlNC5qcGciLCJzbGlkZXNob3ciOiI2NWQ3YmVhIn0%3D\" href='https:\/\/www.atlas-des-abris-ouverts.com\/wp-content\/uploads\/2023\/11\/21-Mer-des-Wadden-Milieu-habite4.jpg'><img loading=\"lazy\" decoding=\"async\" width=\"414\" height=\"2481\" src=\"https:\/\/www.atlas-des-abris-ouverts.com\/wp-content\/uploads\/2023\/11\/21-Mer-des-Wadden-Milieu-habite4.jpg\" class=\"attachment-full size-full\" alt=\"\" srcset=\"https:\/\/www.atlas-des-abris-ouverts.com\/wp-content\/uploads\/2023\/11\/21-Mer-des-Wadden-Milieu-habite4.jpg 414w, https:\/\/www.atlas-des-abris-ouverts.com\/wp-content\/uploads\/2023\/11\/21-Mer-des-Wadden-Milieu-habite4-50x300.jpg 50w\" sizes=\"(max-width: 414px) 100vw, 414px\" \/><\/a>\n\t\t\t<\/div><\/figure>\n\t\t<\/div>\n\t\t<\/div>\n\t\t\t\t\t\t<\/div>\n\t\t\t\t<\/div>\n\t\t\t\t<div class=\"elementor-element elementor-element-739d0ca elementor-widget elementor-widget-heading\" data-id=\"739d0ca\" data-element_type=\"widget\" data-e-type=\"widget\" data-widget_type=\"heading.default\">\n\t\t\t\t<div class=\"elementor-widget-container\">\n\t\t\t\t\t<h2 class=\"elementor-heading-title elementor-size-default\"># Hazards and risks<\/h2>\t\t\t\t<\/div>\n\t\t\t\t<\/div>\n\t\t\t\t<div class=\"elementor-element elementor-element-7eccf1c gallery-spacing-custom elementor-widget elementor-widget-image-gallery\" data-id=\"7eccf1c\" data-element_type=\"widget\" data-e-type=\"widget\" data-widget_type=\"image-gallery.default\">\n\t\t\t\t<div class=\"elementor-widget-container\">\n\t\t\t\t\t\t\t<div class=\"elementor-image-gallery\">\n\t\t\t<div id='gallery-2' class='gallery galleryid-5044 gallery-columns-3 gallery-size-full'><figure class='gallery-item'>\n\t\t\t<div class='gallery-icon portrait'>\n\t\t\t\t<a data-elementor-open-lightbox=\"yes\" data-elementor-lightbox-slideshow=\"7eccf1c\" data-elementor-lightbox-title=\"# 21 Wadden Sea-CARTO\" data-e-action-hash=\"#elementor-action%3Aaction%3Dlightbox%26settings%3DeyJpZCI6NDQ4MCwidXJsIjoiaHR0cHM6XC9cL3d3dy5hdGxhcy1kZXMtYWJyaXMtb3V2ZXJ0cy5jb21cL3dwLWNvbnRlbnRcL3VwbG9hZHNcLzIwMjFcLzA0XC8yMS1NZXItZGVzLVdhZGRlbi1DQVJUTy0xLXNjYWxlZC5qcGciLCJzbGlkZXNob3ciOiI3ZWNjZjFjIn0%3D\" href='https:\/\/www.atlas-des-abris-ouverts.com\/wp-content\/uploads\/2021\/04\/21-Mer-des-Wadden-CARTO-1-scaled.jpg'><img loading=\"lazy\" decoding=\"async\" width=\"2560\" height=\"3620\" src=\"https:\/\/www.atlas-des-abris-ouverts.com\/wp-content\/uploads\/2021\/04\/21-Mer-des-Wadden-CARTO-1-scaled.jpg\" class=\"attachment-full size-full\" alt=\"\" \/><\/a>\n\t\t\t<\/div><\/figure>\n\t\t<\/div>\n\t\t<\/div>\n\t\t\t\t\t\t<\/div>\n\t\t\t\t<\/div>\n\t\t\t\t<div class=\"elementor-element elementor-element-83c15fa elementor-widget elementor-widget-heading\" data-id=\"83c15fa\" data-element_type=\"widget\" data-e-type=\"widget\" data-widget_type=\"heading.default\">\n\t\t\t\t<div class=\"elementor-widget-container\">\n\t\t\t\t\t<h2 class=\"elementor-heading-title elementor-size-default\">#Project on hypothesis<\/h2>\t\t\t\t<\/div>\n\t\t\t\t<\/div>\n\t\t\t\t<div class=\"elementor-element elementor-element-ac55ebd gallery-spacing-custom elementor-widget elementor-widget-image-gallery\" data-id=\"ac55ebd\" data-element_type=\"widget\" data-e-type=\"widget\" data-widget_type=\"image-gallery.default\">\n\t\t\t\t<div class=\"elementor-widget-container\">\n\t\t\t\t\t\t\t<div class=\"elementor-image-gallery\">\n\t\t\t<div id='gallery-3' class='gallery galleryid-5044 gallery-columns-3 gallery-size-full'><figure class='gallery-item'>\n\t\t\t<div class='gallery-icon landscape'>\n\t\t\t\t<a data-elementor-open-lightbox=\"yes\" data-elementor-lightbox-slideshow=\"ac55ebd\" data-elementor-lightbox-title=\"# 21 Wadden Sea-MAQ1\" data-e-action-hash=\"#elementor-action%3Aaction%3Dlightbox%26settings%3DeyJpZCI6NDQ4NywidXJsIjoiaHR0cHM6XC9cL3d3dy5hdGxhcy1kZXMtYWJyaXMtb3V2ZXJ0cy5jb21cL3dwLWNvbnRlbnRcL3VwbG9hZHNcLzIwMjFcLzA0XC8yMS1NZXItZGVzLVdhZGRlbi1NQVExLTItc2NhbGVkLmpwZyIsInNsaWRlc2hvdyI6ImFjNTVlYmQifQ%3D%3D\" href='https:\/\/www.atlas-des-abris-ouverts.com\/wp-content\/uploads\/2021\/04\/21-Mer-des-Wadden-MAQ1-2-scaled.jpg'><img loading=\"lazy\" decoding=\"async\" width=\"2560\" height=\"1714\" src=\"https:\/\/www.atlas-des-abris-ouverts.com\/wp-content\/uploads\/2021\/04\/21-Mer-des-Wadden-MAQ1-2-scaled.jpg\" class=\"attachment-full size-full\" alt=\"\" \/><\/a>\n\t\t\t<\/div><\/figure><figure class='gallery-item'>\n\t\t\t<div class='gallery-icon landscape'>\n\t\t\t\t<a data-elementor-open-lightbox=\"yes\" data-elementor-lightbox-slideshow=\"ac55ebd\" data-elementor-lightbox-title=\"# 21 Wadden Sea-MAQ2\" data-e-action-hash=\"#elementor-action%3Aaction%3Dlightbox%26settings%3DeyJpZCI6NDQ4OCwidXJsIjoiaHR0cHM6XC9cL3d3dy5hdGxhcy1kZXMtYWJyaXMtb3V2ZXJ0cy5jb21cL3dwLWNvbnRlbnRcL3VwbG9hZHNcLzIwMjFcLzA0XC8yMS1NZXItZGVzLVdhZGRlbi1NQVEyLTItc2NhbGVkLmpwZyIsInNsaWRlc2hvdyI6ImFjNTVlYmQifQ%3D%3D\" href='https:\/\/www.atlas-des-abris-ouverts.com\/wp-content\/uploads\/2021\/04\/21-Mer-des-Wadden-MAQ2-2-scaled.jpg'><img loading=\"lazy\" decoding=\"async\" width=\"2560\" height=\"1714\" src=\"https:\/\/www.atlas-des-abris-ouverts.com\/wp-content\/uploads\/2021\/04\/21-Mer-des-Wadden-MAQ2-2-scaled.jpg\" class=\"attachment-full size-full\" alt=\"\" \/><\/a>\n\t\t\t<\/div><\/figure><figure class='gallery-item'>\n\t\t\t<div class='gallery-icon landscape'>\n\t\t\t\t<a data-elementor-open-lightbox=\"yes\" data-elementor-lightbox-slideshow=\"ac55ebd\" data-elementor-lightbox-title=\"# 21 Wadden Sea-MAQ3\" data-e-action-hash=\"#elementor-action%3Aaction%3Dlightbox%26settings%3DeyJpZCI6NDQ4OSwidXJsIjoiaHR0cHM6XC9cL3d3dy5hdGxhcy1kZXMtYWJyaXMtb3V2ZXJ0cy5jb21cL3dwLWNvbnRlbnRcL3VwbG9hZHNcLzIwMjFcLzA0XC8yMS1NZXItZGVzLVdhZGRlbi1NQVEzLTItc2NhbGVkLmpwZyIsInNsaWRlc2hvdyI6ImFjNTVlYmQifQ%3D%3D\" href='https:\/\/www.atlas-des-abris-ouverts.com\/wp-content\/uploads\/2021\/04\/21-Mer-des-Wadden-MAQ3-2-scaled.jpg'><img loading=\"lazy\" decoding=\"async\" width=\"2560\" height=\"1714\" src=\"https:\/\/www.atlas-des-abris-ouverts.com\/wp-content\/uploads\/2021\/04\/21-Mer-des-Wadden-MAQ3-2-scaled.jpg\" class=\"attachment-full size-full\" alt=\"\" \/><\/a>\n\t\t\t<\/div><\/figure><figure class='gallery-item'>\n\t\t\t<div class='gallery-icon landscape'>\n\t\t\t\t<a data-elementor-open-lightbox=\"yes\" data-elementor-lightbox-slideshow=\"ac55ebd\" data-elementor-lightbox-title=\"# 21 Wadden Sea-MAQ4\" data-e-action-hash=\"#elementor-action%3Aaction%3Dlightbox%26settings%3DeyJpZCI6NDQ5MCwidXJsIjoiaHR0cHM6XC9cL3d3dy5hdGxhcy1kZXMtYWJyaXMtb3V2ZXJ0cy5jb21cL3dwLWNvbnRlbnRcL3VwbG9hZHNcLzIwMjFcLzA0XC8yMS1NZXItZGVzLVdhZGRlbi1NQVE0LTItc2NhbGVkLmpwZyIsInNsaWRlc2hvdyI6ImFjNTVlYmQifQ%3D%3D\" href='https:\/\/www.atlas-des-abris-ouverts.com\/wp-content\/uploads\/2021\/04\/21-Mer-des-Wadden-MAQ4-2-scaled.jpg'><img loading=\"lazy\" decoding=\"async\" width=\"2560\" height=\"1714\" src=\"https:\/\/www.atlas-des-abris-ouverts.com\/wp-content\/uploads\/2021\/04\/21-Mer-des-Wadden-MAQ4-2-scaled.jpg\" class=\"attachment-full size-full\" alt=\"\" \/><\/a>\n\t\t\t<\/div><\/figure><figure class='gallery-item'>\n\t\t\t<div class='gallery-icon landscape'>\n\t\t\t\t<a data-elementor-open-lightbox=\"yes\" data-elementor-lightbox-slideshow=\"ac55ebd\" data-elementor-lightbox-title=\"# 21 Wadden Sea-MAQ5\" data-e-action-hash=\"#elementor-action%3Aaction%3Dlightbox%26settings%3DeyJpZCI6NDQ5MSwidXJsIjoiaHR0cHM6XC9cL3d3dy5hdGxhcy1kZXMtYWJyaXMtb3V2ZXJ0cy5jb21cL3dwLWNvbnRlbnRcL3VwbG9hZHNcLzIwMjFcLzA0XC8yMS1NZXItZGVzLVdhZGRlbi1NQVE1LTItc2NhbGVkLmpwZyIsInNsaWRlc2hvdyI6ImFjNTVlYmQifQ%3D%3D\" href='https:\/\/www.atlas-des-abris-ouverts.com\/wp-content\/uploads\/2021\/04\/21-Mer-des-Wadden-MAQ5-2-scaled.jpg'><img loading=\"lazy\" decoding=\"async\" width=\"2560\" height=\"1714\" src=\"https:\/\/www.atlas-des-abris-ouverts.com\/wp-content\/uploads\/2021\/04\/21-Mer-des-Wadden-MAQ5-2-scaled.jpg\" class=\"attachment-full size-full\" alt=\"\" \/><\/a>\n\t\t\t<\/div><\/figure><figure class='gallery-item'>\n\t\t\t<div class='gallery-icon landscape'>\n\t\t\t\t<a data-elementor-open-lightbox=\"yes\" data-elementor-lightbox-slideshow=\"ac55ebd\" data-elementor-lightbox-title=\"# 21 Wadden Sea-MAQ6\" data-e-action-hash=\"#elementor-action%3Aaction%3Dlightbox%26settings%3DeyJpZCI6NDQ5MiwidXJsIjoiaHR0cHM6XC9cL3d3dy5hdGxhcy1kZXMtYWJyaXMtb3V2ZXJ0cy5jb21cL3dwLWNvbnRlbnRcL3VwbG9hZHNcLzIwMjFcLzA0XC8yMS1NZXItZGVzLVdhZGRlbi1NQVE2LTItc2NhbGVkLmpwZyIsInNsaWRlc2hvdyI6ImFjNTVlYmQifQ%3D%3D\" href='https:\/\/www.atlas-des-abris-ouverts.com\/wp-content\/uploads\/2021\/04\/21-Mer-des-Wadden-MAQ6-2-scaled.jpg'><img loading=\"lazy\" decoding=\"async\" width=\"2560\" height=\"1714\" src=\"https:\/\/www.atlas-des-abris-ouverts.com\/wp-content\/uploads\/2021\/04\/21-Mer-des-Wadden-MAQ6-2-scaled.jpg\" class=\"attachment-full size-full\" alt=\"\" \/><\/a>\n\t\t\t<\/div><\/figure><figure class='gallery-item'>\n\t\t\t<div class='gallery-icon portrait'>\n\t\t\t\t<a data-elementor-open-lightbox=\"yes\" data-elementor-lightbox-slideshow=\"ac55ebd\" data-elementor-lightbox-title=\"# 21 Wadden Sea-Plan masse\" data-e-action-hash=\"#elementor-action%3Aaction%3Dlightbox%26settings%3DeyJpZCI6NDQ5MywidXJsIjoiaHR0cHM6XC9cL3d3dy5hdGxhcy1kZXMtYWJyaXMtb3V2ZXJ0cy5jb21cL3dwLWNvbnRlbnRcL3VwbG9hZHNcLzIwMjFcLzA0XC8yMS1NZXItZGVzLVdhZGRlbi1QbGFuLW1hc3NlLTEuanBnIiwic2xpZGVzaG93IjoiYWM1NWViZCJ9\" href='https:\/\/www.atlas-des-abris-ouverts.com\/wp-content\/uploads\/2021\/04\/21-Mer-des-Wadden-Plan-masse-1.jpg'><img loading=\"lazy\" decoding=\"async\" width=\"1754\" height=\"2481\" src=\"https:\/\/www.atlas-des-abris-ouverts.com\/wp-content\/uploads\/2021\/04\/21-Mer-des-Wadden-Plan-masse-1.jpg\" class=\"attachment-full size-full\" alt=\"\" srcset=\"https:\/\/www.atlas-des-abris-ouverts.com\/wp-content\/uploads\/2021\/04\/21-Mer-des-Wadden-Plan-masse-1.jpg 1754w, https:\/\/www.atlas-des-abris-ouverts.com\/wp-content\/uploads\/2021\/04\/21-Mer-des-Wadden-Plan-masse-1-212x300.jpg 212w, https:\/\/www.atlas-des-abris-ouverts.com\/wp-content\/uploads\/2021\/04\/21-Mer-des-Wadden-Plan-masse-1-768x1086.jpg 768w, https:\/\/www.atlas-des-abris-ouverts.com\/wp-content\/uploads\/2021\/04\/21-Mer-des-Wadden-Plan-masse-1-1086x1536.jpg 1086w, https:\/\/www.atlas-des-abris-ouverts.com\/wp-content\/uploads\/2021\/04\/21-Mer-des-Wadden-Plan-masse-1-1448x2048.jpg 1448w\" sizes=\"(max-width: 1754px) 100vw, 1754px\" \/><\/a>\n\t\t\t<\/div><\/figure><figure class='gallery-item'>\n\t\t\t<div class='gallery-icon portrait'>\n\t\t\t\t<a data-elementor-open-lightbox=\"yes\" data-elementor-lightbox-slideshow=\"ac55ebd\" data-elementor-lightbox-title=\"# 21 Wadden Sea-PLANK1\" data-e-action-hash=\"#elementor-action%3Aaction%3Dlightbox%26settings%3DeyJpZCI6NDQ5NCwidXJsIjoiaHR0cHM6XC9cL3d3dy5hdGxhcy1kZXMtYWJyaXMtb3V2ZXJ0cy5jb21cL3dwLWNvbnRlbnRcL3VwbG9hZHNcLzIwMjFcLzA0XC8yMS1NZXItZGVzLVdhZGRlbi1QTEFOQ0hFMS0xLmpwZyIsInNsaWRlc2hvdyI6ImFjNTVlYmQifQ%3D%3D\" href='https:\/\/www.atlas-des-abris-ouverts.com\/wp-content\/uploads\/2021\/04\/21-Mer-des-Wadden-PLANCHE1-1.jpg'><img loading=\"lazy\" decoding=\"async\" width=\"1754\" height=\"2481\" src=\"https:\/\/www.atlas-des-abris-ouverts.com\/wp-content\/uploads\/2021\/04\/21-Mer-des-Wadden-PLANCHE1-1.jpg\" class=\"attachment-full size-full\" alt=\"\" srcset=\"https:\/\/www.atlas-des-abris-ouverts.com\/wp-content\/uploads\/2021\/04\/21-Mer-des-Wadden-PLANCHE1-1.jpg 1754w, https:\/\/www.atlas-des-abris-ouverts.com\/wp-content\/uploads\/2021\/04\/21-Mer-des-Wadden-PLANCHE1-1-212x300.jpg 212w, https:\/\/www.atlas-des-abris-ouverts.com\/wp-content\/uploads\/2021\/04\/21-Mer-des-Wadden-PLANCHE1-1-768x1086.jpg 768w, https:\/\/www.atlas-des-abris-ouverts.com\/wp-content\/uploads\/2021\/04\/21-Mer-des-Wadden-PLANCHE1-1-1086x1536.jpg 1086w, https:\/\/www.atlas-des-abris-ouverts.com\/wp-content\/uploads\/2021\/04\/21-Mer-des-Wadden-PLANCHE1-1-1448x2048.jpg 1448w\" sizes=\"(max-width: 1754px) 100vw, 1754px\" \/><\/a>\n\t\t\t<\/div><\/figure><figure class='gallery-item'>\n\t\t\t<div class='gallery-icon portrait'>\n\t\t\t\t<a data-elementor-open-lightbox=\"yes\" data-elementor-lightbox-slideshow=\"ac55ebd\" data-elementor-lightbox-title=\"# 21 Wadden Sea-PLANK2\" data-e-action-hash=\"#elementor-action%3Aaction%3Dlightbox%26settings%3DeyJpZCI6NDQ5NSwidXJsIjoiaHR0cHM6XC9cL3d3dy5hdGxhcy1kZXMtYWJyaXMtb3V2ZXJ0cy5jb21cL3dwLWNvbnRlbnRcL3VwbG9hZHNcLzIwMjFcLzA0XC8yMS1NZXItZGVzLVdhZGRlbi1QTEFOQ0hFMi0xLmpwZyIsInNsaWRlc2hvdyI6ImFjNTVlYmQifQ%3D%3D\" href='https:\/\/www.atlas-des-abris-ouverts.com\/wp-content\/uploads\/2021\/04\/21-Mer-des-Wadden-PLANCHE2-1.jpg'><img loading=\"lazy\" decoding=\"async\" width=\"1754\" height=\"2481\" src=\"https:\/\/www.atlas-des-abris-ouverts.com\/wp-content\/uploads\/2021\/04\/21-Mer-des-Wadden-PLANCHE2-1.jpg\" class=\"attachment-full size-full\" alt=\"\" srcset=\"https:\/\/www.atlas-des-abris-ouverts.com\/wp-content\/uploads\/2021\/04\/21-Mer-des-Wadden-PLANCHE2-1.jpg 1754w, https:\/\/www.atlas-des-abris-ouverts.com\/wp-content\/uploads\/2021\/04\/21-Mer-des-Wadden-PLANCHE2-1-212x300.jpg 212w, https:\/\/www.atlas-des-abris-ouverts.com\/wp-content\/uploads\/2021\/04\/21-Mer-des-Wadden-PLANCHE2-1-768x1086.jpg 768w, https:\/\/www.atlas-des-abris-ouverts.com\/wp-content\/uploads\/2021\/04\/21-Mer-des-Wadden-PLANCHE2-1-1086x1536.jpg 1086w, https:\/\/www.atlas-des-abris-ouverts.com\/wp-content\/uploads\/2021\/04\/21-Mer-des-Wadden-PLANCHE2-1-1448x2048.jpg 1448w\" sizes=\"(max-width: 1754px) 100vw, 1754px\" \/><\/a>\n\t\t\t<\/div><\/figure><figure class='gallery-item'>\n\t\t\t<div class='gallery-icon portrait'>\n\t\t\t\t<a data-elementor-open-lightbox=\"yes\" data-elementor-lightbox-slideshow=\"ac55ebd\" data-elementor-lightbox-title=\"# 21 Wadden Sea-PLANK3\" data-e-action-hash=\"#elementor-action%3Aaction%3Dlightbox%26settings%3DeyJpZCI6NDQ5NiwidXJsIjoiaHR0cHM6XC9cL3d3dy5hdGxhcy1kZXMtYWJyaXMtb3V2ZXJ0cy5jb21cL3dwLWNvbnRlbnRcL3VwbG9hZHNcLzIwMjFcLzA0XC8yMS1NZXItZGVzLVdhZGRlbi1QTEFOQ0hFMy0xLmpwZyIsInNsaWRlc2hvdyI6ImFjNTVlYmQifQ%3D%3D\" href='https:\/\/www.atlas-des-abris-ouverts.com\/wp-content\/uploads\/2021\/04\/21-Mer-des-Wadden-PLANCHE3-1.jpg'><img loading=\"lazy\" decoding=\"async\" width=\"1754\" height=\"2481\" src=\"https:\/\/www.atlas-des-abris-ouverts.com\/wp-content\/uploads\/2021\/04\/21-Mer-des-Wadden-PLANCHE3-1.jpg\" class=\"attachment-full size-full\" alt=\"\" srcset=\"https:\/\/www.atlas-des-abris-ouverts.com\/wp-content\/uploads\/2021\/04\/21-Mer-des-Wadden-PLANCHE3-1.jpg 1754w, https:\/\/www.atlas-des-abris-ouverts.com\/wp-content\/uploads\/2021\/04\/21-Mer-des-Wadden-PLANCHE3-1-212x300.jpg 212w, https:\/\/www.atlas-des-abris-ouverts.com\/wp-content\/uploads\/2021\/04\/21-Mer-des-Wadden-PLANCHE3-1-768x1086.jpg 768w, https:\/\/www.atlas-des-abris-ouverts.com\/wp-content\/uploads\/2021\/04\/21-Mer-des-Wadden-PLANCHE3-1-1086x1536.jpg 1086w, https:\/\/www.atlas-des-abris-ouverts.com\/wp-content\/uploads\/2021\/04\/21-Mer-des-Wadden-PLANCHE3-1-1448x2048.jpg 1448w\" sizes=\"(max-width: 1754px) 100vw, 1754px\" \/><\/a>\n\t\t\t<\/div><\/figure><figure class='gallery-item'>\n\t\t\t<div class='gallery-icon portrait'>\n\t\t\t\t<a data-elementor-open-lightbox=\"yes\" data-elementor-lightbox-slideshow=\"ac55ebd\" data-elementor-lightbox-title=\"# 21 Wadden Sea-PLANK4\" data-e-action-hash=\"#elementor-action%3Aaction%3Dlightbox%26settings%3DeyJpZCI6NDQ5NywidXJsIjoiaHR0cHM6XC9cL3d3dy5hdGxhcy1kZXMtYWJyaXMtb3V2ZXJ0cy5jb21cL3dwLWNvbnRlbnRcL3VwbG9hZHNcLzIwMjFcLzA0XC8yMS1NZXItZGVzLVdhZGRlbi1QTEFOQ0hFNC0xLmpwZyIsInNsaWRlc2hvdyI6ImFjNTVlYmQifQ%3D%3D\" href='https:\/\/www.atlas-des-abris-ouverts.com\/wp-content\/uploads\/2021\/04\/21-Mer-des-Wadden-PLANCHE4-1.jpg'><img loading=\"lazy\" decoding=\"async\" width=\"1754\" height=\"2481\" src=\"https:\/\/www.atlas-des-abris-ouverts.com\/wp-content\/uploads\/2021\/04\/21-Mer-des-Wadden-PLANCHE4-1.jpg\" class=\"attachment-full size-full\" alt=\"\" srcset=\"https:\/\/www.atlas-des-abris-ouverts.com\/wp-content\/uploads\/2021\/04\/21-Mer-des-Wadden-PLANCHE4-1.jpg 1754w, https:\/\/www.atlas-des-abris-ouverts.com\/wp-content\/uploads\/2021\/04\/21-Mer-des-Wadden-PLANCHE4-1-212x300.jpg 212w, https:\/\/www.atlas-des-abris-ouverts.com\/wp-content\/uploads\/2021\/04\/21-Mer-des-Wadden-PLANCHE4-1-768x1086.jpg 768w, https:\/\/www.atlas-des-abris-ouverts.com\/wp-content\/uploads\/2021\/04\/21-Mer-des-Wadden-PLANCHE4-1-1086x1536.jpg 1086w, https:\/\/www.atlas-des-abris-ouverts.com\/wp-content\/uploads\/2021\/04\/21-Mer-des-Wadden-PLANCHE4-1-1448x2048.jpg 1448w\" sizes=\"(max-width: 1754px) 100vw, 1754px\" \/><\/a>\n\t\t\t<\/div><\/figure><figure class='gallery-item'>\n\t\t\t<div class='gallery-icon portrait'>\n\t\t\t\t<a data-elementor-open-lightbox=\"yes\" data-elementor-lightbox-slideshow=\"ac55ebd\" data-elementor-lightbox-title=\"# 21 Wadden Sea-PLANK5\" data-e-action-hash=\"#elementor-action%3Aaction%3Dlightbox%26settings%3DeyJpZCI6NDQ5OCwidXJsIjoiaHR0cHM6XC9cL3d3dy5hdGxhcy1kZXMtYWJyaXMtb3V2ZXJ0cy5jb21cL3dwLWNvbnRlbnRcL3VwbG9hZHNcLzIwMjFcLzA0XC8yMS1NZXItZGVzLVdhZGRlbi1QTEFOQ0hFNS0xLmpwZyIsInNsaWRlc2hvdyI6ImFjNTVlYmQifQ%3D%3D\" href='https:\/\/www.atlas-des-abris-ouverts.com\/wp-content\/uploads\/2021\/04\/21-Mer-des-Wadden-PLANCHE5-1.jpg'><img loading=\"lazy\" decoding=\"async\" width=\"1754\" height=\"2481\" src=\"https:\/\/www.atlas-des-abris-ouverts.com\/wp-content\/uploads\/2021\/04\/21-Mer-des-Wadden-PLANCHE5-1.jpg\" class=\"attachment-full size-full\" alt=\"\" srcset=\"https:\/\/www.atlas-des-abris-ouverts.com\/wp-content\/uploads\/2021\/04\/21-Mer-des-Wadden-PLANCHE5-1.jpg 1754w, https:\/\/www.atlas-des-abris-ouverts.com\/wp-content\/uploads\/2021\/04\/21-Mer-des-Wadden-PLANCHE5-1-212x300.jpg 212w, https:\/\/www.atlas-des-abris-ouverts.com\/wp-content\/uploads\/2021\/04\/21-Mer-des-Wadden-PLANCHE5-1-768x1086.jpg 768w, https:\/\/www.atlas-des-abris-ouverts.com\/wp-content\/uploads\/2021\/04\/21-Mer-des-Wadden-PLANCHE5-1-1086x1536.jpg 1086w, https:\/\/www.atlas-des-abris-ouverts.com\/wp-content\/uploads\/2021\/04\/21-Mer-des-Wadden-PLANCHE5-1-1448x2048.jpg 1448w\" sizes=\"(max-width: 1754px) 100vw, 1754px\" \/><\/a>\n\t\t\t<\/div><\/figure><figure class='gallery-item'>\n\t\t\t<div class='gallery-icon portrait'>\n\t\t\t\t<a data-elementor-open-lightbox=\"yes\" data-elementor-lightbox-slideshow=\"ac55ebd\" data-elementor-lightbox-title=\"# 21 Wadden Sea-PLANK6\" data-e-action-hash=\"#elementor-action%3Aaction%3Dlightbox%26settings%3DeyJpZCI6NDQ5OSwidXJsIjoiaHR0cHM6XC9cL3d3dy5hdGxhcy1kZXMtYWJyaXMtb3V2ZXJ0cy5jb21cL3dwLWNvbnRlbnRcL3VwbG9hZHNcLzIwMjFcLzA0XC8yMS1NZXItZGVzLVdhZGRlbi1QTEFOQ0hFNi0xLmpwZyIsInNsaWRlc2hvdyI6ImFjNTVlYmQifQ%3D%3D\" href='https:\/\/www.atlas-des-abris-ouverts.com\/wp-content\/uploads\/2021\/04\/21-Mer-des-Wadden-PLANCHE6-1.jpg'><img loading=\"lazy\" decoding=\"async\" width=\"1754\" height=\"2481\" src=\"https:\/\/www.atlas-des-abris-ouverts.com\/wp-content\/uploads\/2021\/04\/21-Mer-des-Wadden-PLANCHE6-1.jpg\" class=\"attachment-full size-full\" alt=\"\" srcset=\"https:\/\/www.atlas-des-abris-ouverts.com\/wp-content\/uploads\/2021\/04\/21-Mer-des-Wadden-PLANCHE6-1.jpg 1754w, https:\/\/www.atlas-des-abris-ouverts.com\/wp-content\/uploads\/2021\/04\/21-Mer-des-Wadden-PLANCHE6-1-212x300.jpg 212w, https:\/\/www.atlas-des-abris-ouverts.com\/wp-content\/uploads\/2021\/04\/21-Mer-des-Wadden-PLANCHE6-1-768x1086.jpg 768w, https:\/\/www.atlas-des-abris-ouverts.com\/wp-content\/uploads\/2021\/04\/21-Mer-des-Wadden-PLANCHE6-1-1086x1536.jpg 1086w, https:\/\/www.atlas-des-abris-ouverts.com\/wp-content\/uploads\/2021\/04\/21-Mer-des-Wadden-PLANCHE6-1-1448x2048.jpg 1448w\" sizes=\"(max-width: 1754px) 100vw, 1754px\" \/><\/a>\n\t\t\t<\/div><\/figure><figure class='gallery-item'>\n\t\t\t<div class='gallery-icon portrait'>\n\t\t\t\t<a data-elementor-open-lightbox=\"yes\" data-elementor-lightbox-slideshow=\"ac55ebd\" data-elementor-lightbox-title=\"# 21 Wadden Sea-PLANCHE7\" data-e-action-hash=\"#elementor-action%3Aaction%3Dlightbox%26settings%3DeyJpZCI6NDUwMCwidXJsIjoiaHR0cHM6XC9cL3d3dy5hdGxhcy1kZXMtYWJyaXMtb3V2ZXJ0cy5jb21cL3dwLWNvbnRlbnRcL3VwbG9hZHNcLzIwMjFcLzA0XC8yMS1NZXItZGVzLVdhZGRlbi1QTEFOQ0hFNy0xLmpwZyIsInNsaWRlc2hvdyI6ImFjNTVlYmQifQ%3D%3D\" href='https:\/\/www.atlas-des-abris-ouverts.com\/wp-content\/uploads\/2021\/04\/21-Mer-des-Wadden-PLANCHE7-1.jpg'><img loading=\"lazy\" decoding=\"async\" width=\"1754\" height=\"2481\" src=\"https:\/\/www.atlas-des-abris-ouverts.com\/wp-content\/uploads\/2021\/04\/21-Mer-des-Wadden-PLANCHE7-1.jpg\" class=\"attachment-full size-full\" alt=\"\" srcset=\"https:\/\/www.atlas-des-abris-ouverts.com\/wp-content\/uploads\/2021\/04\/21-Mer-des-Wadden-PLANCHE7-1.jpg 1754w, https:\/\/www.atlas-des-abris-ouverts.com\/wp-content\/uploads\/2021\/04\/21-Mer-des-Wadden-PLANCHE7-1-212x300.jpg 212w, https:\/\/www.atlas-des-abris-ouverts.com\/wp-content\/uploads\/2021\/04\/21-Mer-des-Wadden-PLANCHE7-1-768x1086.jpg 768w, https:\/\/www.atlas-des-abris-ouverts.com\/wp-content\/uploads\/2021\/04\/21-Mer-des-Wadden-PLANCHE7-1-1086x1536.jpg 1086w, https:\/\/www.atlas-des-abris-ouverts.com\/wp-content\/uploads\/2021\/04\/21-Mer-des-Wadden-PLANCHE7-1-1448x2048.jpg 1448w\" sizes=\"(max-width: 1754px) 100vw, 1754px\" \/><\/a>\n\t\t\t<\/div><\/figure><figure class='gallery-item'>\n\t\t\t<div class='gallery-icon portrait'>\n\t\t\t\t<a data-elementor-open-lightbox=\"yes\" data-elementor-lightbox-slideshow=\"ac55ebd\" data-elementor-lightbox-title=\"# 21 Wadden Sea-PLANK8\" data-e-action-hash=\"#elementor-action%3Aaction%3Dlightbox%26settings%3DeyJpZCI6NDUwMSwidXJsIjoiaHR0cHM6XC9cL3d3dy5hdGxhcy1kZXMtYWJyaXMtb3V2ZXJ0cy5jb21cL3dwLWNvbnRlbnRcL3VwbG9hZHNcLzIwMjFcLzA0XC8yMS1NZXItZGVzLVdhZGRlbi1QTEFOQ0hFOC0xLmpwZyIsInNsaWRlc2hvdyI6ImFjNTVlYmQifQ%3D%3D\" href='https:\/\/www.atlas-des-abris-ouverts.com\/wp-content\/uploads\/2021\/04\/21-Mer-des-Wadden-PLANCHE8-1.jpg'><img loading=\"lazy\" decoding=\"async\" width=\"1754\" height=\"2481\" src=\"https:\/\/www.atlas-des-abris-ouverts.com\/wp-content\/uploads\/2021\/04\/21-Mer-des-Wadden-PLANCHE8-1.jpg\" class=\"attachment-full size-full\" alt=\"\" srcset=\"https:\/\/www.atlas-des-abris-ouverts.com\/wp-content\/uploads\/2021\/04\/21-Mer-des-Wadden-PLANCHE8-1.jpg 1754w, https:\/\/www.atlas-des-abris-ouverts.com\/wp-content\/uploads\/2021\/04\/21-Mer-des-Wadden-PLANCHE8-1-212x300.jpg 212w, https:\/\/www.atlas-des-abris-ouverts.com\/wp-content\/uploads\/2021\/04\/21-Mer-des-Wadden-PLANCHE8-1-768x1086.jpg 768w, https:\/\/www.atlas-des-abris-ouverts.com\/wp-content\/uploads\/2021\/04\/21-Mer-des-Wadden-PLANCHE8-1-1086x1536.jpg 1086w, https:\/\/www.atlas-des-abris-ouverts.com\/wp-content\/uploads\/2021\/04\/21-Mer-des-Wadden-PLANCHE8-1-1448x2048.jpg 1448w\" sizes=\"(max-width: 1754px) 100vw, 1754px\" \/><\/a>\n\t\t\t<\/div><\/figure><figure class='gallery-item'>\n\t\t\t<div class='gallery-icon portrait'>\n\t\t\t\t<a data-elementor-open-lightbox=\"yes\" data-elementor-lightbox-slideshow=\"ac55ebd\" data-elementor-lightbox-title=\"# 21 Wadden Sea-PLANK9\" data-e-action-hash=\"#elementor-action%3Aaction%3Dlightbox%26settings%3DeyJpZCI6NDUwMiwidXJsIjoiaHR0cHM6XC9cL3d3dy5hdGxhcy1kZXMtYWJyaXMtb3V2ZXJ0cy5jb21cL3dwLWNvbnRlbnRcL3VwbG9hZHNcLzIwMjFcLzA0XC8yMS1NZXItZGVzLVdhZGRlbi1QTEFOQ0hFOS0xLmpwZyIsInNsaWRlc2hvdyI6ImFjNTVlYmQifQ%3D%3D\" href='https:\/\/www.atlas-des-abris-ouverts.com\/wp-content\/uploads\/2021\/04\/21-Mer-des-Wadden-PLANCHE9-1.jpg'><img loading=\"lazy\" decoding=\"async\" width=\"1754\" height=\"2481\" src=\"https:\/\/www.atlas-des-abris-ouverts.com\/wp-content\/uploads\/2021\/04\/21-Mer-des-Wadden-PLANCHE9-1.jpg\" class=\"attachment-full size-full\" alt=\"\" srcset=\"https:\/\/www.atlas-des-abris-ouverts.com\/wp-content\/uploads\/2021\/04\/21-Mer-des-Wadden-PLANCHE9-1.jpg 1754w, https:\/\/www.atlas-des-abris-ouverts.com\/wp-content\/uploads\/2021\/04\/21-Mer-des-Wadden-PLANCHE9-1-212x300.jpg 212w, https:\/\/www.atlas-des-abris-ouverts.com\/wp-content\/uploads\/2021\/04\/21-Mer-des-Wadden-PLANCHE9-1-768x1086.jpg 768w, https:\/\/www.atlas-des-abris-ouverts.com\/wp-content\/uploads\/2021\/04\/21-Mer-des-Wadden-PLANCHE9-1-1086x1536.jpg 1086w, https:\/\/www.atlas-des-abris-ouverts.com\/wp-content\/uploads\/2021\/04\/21-Mer-des-Wadden-PLANCHE9-1-1448x2048.jpg 1448w\" sizes=\"(max-width: 1754px) 100vw, 1754px\" \/><\/a>\n\t\t\t<\/div><\/figure><figure class='gallery-item'>\n\t\t\t<div class='gallery-icon portrait'>\n\t\t\t\t<a data-elementor-open-lightbox=\"yes\" data-elementor-lightbox-slideshow=\"ac55ebd\" data-elementor-lightbox-title=\"# 21 Wadden Sea-PLANCHE10\" data-e-action-hash=\"#elementor-action%3Aaction%3Dlightbox%26settings%3DeyJpZCI6NDUwMywidXJsIjoiaHR0cHM6XC9cL3d3dy5hdGxhcy1kZXMtYWJyaXMtb3V2ZXJ0cy5jb21cL3dwLWNvbnRlbnRcL3VwbG9hZHNcLzIwMjFcLzA0XC8yMS1NZXItZGVzLVdhZGRlbi1QTEFOQ0hFMTAtMS5qcGciLCJzbGlkZXNob3ciOiJhYzU1ZWJkIn0%3D\" href='https:\/\/www.atlas-des-abris-ouverts.com\/wp-content\/uploads\/2021\/04\/21-Mer-des-Wadden-PLANCHE10-1.jpg'><img loading=\"lazy\" decoding=\"async\" width=\"1754\" height=\"2481\" src=\"https:\/\/www.atlas-des-abris-ouverts.com\/wp-content\/uploads\/2021\/04\/21-Mer-des-Wadden-PLANCHE10-1.jpg\" class=\"attachment-full size-full\" alt=\"\" srcset=\"https:\/\/www.atlas-des-abris-ouverts.com\/wp-content\/uploads\/2021\/04\/21-Mer-des-Wadden-PLANCHE10-1.jpg 1754w, https:\/\/www.atlas-des-abris-ouverts.com\/wp-content\/uploads\/2021\/04\/21-Mer-des-Wadden-PLANCHE10-1-212x300.jpg 212w, https:\/\/www.atlas-des-abris-ouverts.com\/wp-content\/uploads\/2021\/04\/21-Mer-des-Wadden-PLANCHE10-1-768x1086.jpg 768w, https:\/\/www.atlas-des-abris-ouverts.com\/wp-content\/uploads\/2021\/04\/21-Mer-des-Wadden-PLANCHE10-1-1086x1536.jpg 1086w, https:\/\/www.atlas-des-abris-ouverts.com\/wp-content\/uploads\/2021\/04\/21-Mer-des-Wadden-PLANCHE10-1-1448x2048.jpg 1448w\" sizes=\"(max-width: 1754px) 100vw, 1754px\" \/><\/a>\n\t\t\t<\/div><\/figure><figure class='gallery-item'>\n\t\t\t<div class='gallery-icon portrait'>\n\t\t\t\t<a data-elementor-open-lightbox=\"yes\" data-elementor-lightbox-slideshow=\"ac55ebd\" data-elementor-lightbox-title=\"# 21 Wadden Sea-PLANCHE11\" data-e-action-hash=\"#elementor-action%3Aaction%3Dlightbox%26settings%3DeyJpZCI6NDUwNCwidXJsIjoiaHR0cHM6XC9cL3d3dy5hdGxhcy1kZXMtYWJyaXMtb3V2ZXJ0cy5jb21cL3dwLWNvbnRlbnRcL3VwbG9hZHNcLzIwMjFcLzA0XC8yMS1NZXItZGVzLVdhZGRlbi1QTEFOQ0hFMTEtMS5qcGciLCJzbGlkZXNob3ciOiJhYzU1ZWJkIn0%3D\" href='https:\/\/www.atlas-des-abris-ouverts.com\/wp-content\/uploads\/2021\/04\/21-Mer-des-Wadden-PLANCHE11-1.jpg'><img loading=\"lazy\" decoding=\"async\" width=\"1754\" height=\"2481\" src=\"https:\/\/www.atlas-des-abris-ouverts.com\/wp-content\/uploads\/2021\/04\/21-Mer-des-Wadden-PLANCHE11-1.jpg\" class=\"attachment-full size-full\" alt=\"\" srcset=\"https:\/\/www.atlas-des-abris-ouverts.com\/wp-content\/uploads\/2021\/04\/21-Mer-des-Wadden-PLANCHE11-1.jpg 1754w, https:\/\/www.atlas-des-abris-ouverts.com\/wp-content\/uploads\/2021\/04\/21-Mer-des-Wadden-PLANCHE11-1-212x300.jpg 212w, https:\/\/www.atlas-des-abris-ouverts.com\/wp-content\/uploads\/2021\/04\/21-Mer-des-Wadden-PLANCHE11-1-768x1086.jpg 768w, https:\/\/www.atlas-des-abris-ouverts.com\/wp-content\/uploads\/2021\/04\/21-Mer-des-Wadden-PLANCHE11-1-1086x1536.jpg 1086w, https:\/\/www.atlas-des-abris-ouverts.com\/wp-content\/uploads\/2021\/04\/21-Mer-des-Wadden-PLANCHE11-1-1448x2048.jpg 1448w\" sizes=\"(max-width: 1754px) 100vw, 1754px\" \/><\/a>\n\t\t\t<\/div><\/figure><figure class='gallery-item'>\n\t\t\t<div class='gallery-icon portrait'>\n\t\t\t\t<a data-elementor-open-lightbox=\"yes\" data-elementor-lightbox-slideshow=\"ac55ebd\" data-elementor-lightbox-title=\"# 21 Wadden Sea-PLANK12\" data-e-action-hash=\"#elementor-action%3Aaction%3Dlightbox%26settings%3DeyJpZCI6NDUwNSwidXJsIjoiaHR0cHM6XC9cL3d3dy5hdGxhcy1kZXMtYWJyaXMtb3V2ZXJ0cy5jb21cL3dwLWNvbnRlbnRcL3VwbG9hZHNcLzIwMjFcLzA0XC8yMS1NZXItZGVzLVdhZGRlbi1QTEFOQ0hFMTItMS5qcGciLCJzbGlkZXNob3ciOiJhYzU1ZWJkIn0%3D\" href='https:\/\/www.atlas-des-abris-ouverts.com\/wp-content\/uploads\/2021\/04\/21-Mer-des-Wadden-PLANCHE12-1.jpg'><img loading=\"lazy\" decoding=\"async\" width=\"1754\" height=\"2481\" src=\"https:\/\/www.atlas-des-abris-ouverts.com\/wp-content\/uploads\/2021\/04\/21-Mer-des-Wadden-PLANCHE12-1.jpg\" class=\"attachment-full size-full\" alt=\"\" srcset=\"https:\/\/www.atlas-des-abris-ouverts.com\/wp-content\/uploads\/2021\/04\/21-Mer-des-Wadden-PLANCHE12-1.jpg 1754w, https:\/\/www.atlas-des-abris-ouverts.com\/wp-content\/uploads\/2021\/04\/21-Mer-des-Wadden-PLANCHE12-1-212x300.jpg 212w, https:\/\/www.atlas-des-abris-ouverts.com\/wp-content\/uploads\/2021\/04\/21-Mer-des-Wadden-PLANCHE12-1-768x1086.jpg 768w, https:\/\/www.atlas-des-abris-ouverts.com\/wp-content\/uploads\/2021\/04\/21-Mer-des-Wadden-PLANCHE12-1-1086x1536.jpg 1086w, https:\/\/www.atlas-des-abris-ouverts.com\/wp-content\/uploads\/2021\/04\/21-Mer-des-Wadden-PLANCHE12-1-1448x2048.jpg 1448w\" sizes=\"(max-width: 1754px) 100vw, 1754px\" \/><\/a>\n\t\t\t<\/div><\/figure><figure class='gallery-item'>\n\t\t\t<div class='gallery-icon portrait'>\n\t\t\t\t<a data-elementor-open-lightbox=\"yes\" data-elementor-lightbox-slideshow=\"ac55ebd\" data-elementor-lightbox-title=\"# 21 Wadden Sea-STRAT\" data-e-action-hash=\"#elementor-action%3Aaction%3Dlightbox%26settings%3DeyJpZCI6NDUwNiwidXJsIjoiaHR0cHM6XC9cL3d3dy5hdGxhcy1kZXMtYWJyaXMtb3V2ZXJ0cy5jb21cL3dwLWNvbnRlbnRcL3VwbG9hZHNcLzIwMjFcLzA0XC8yMS1NZXItZGVzLVdhZGRlbi1TVFJBVC0xLXNjYWxlZC5qcGciLCJzbGlkZXNob3ciOiJhYzU1ZWJkIn0%3D\" href='https:\/\/www.atlas-des-abris-ouverts.com\/wp-content\/uploads\/2021\/04\/21-Mer-des-Wadden-STRAT-1-scaled.jpg'><img loading=\"lazy\" decoding=\"async\" width=\"2560\" height=\"3620\" src=\"https:\/\/www.atlas-des-abris-ouverts.com\/wp-content\/uploads\/2021\/04\/21-Mer-des-Wadden-STRAT-1-scaled.jpg\" class=\"attachment-full size-full\" alt=\"\" \/><\/a>\n\t\t\t<\/div><\/figure>\n\t\t<\/div>\n\t\t<\/div>\n\t\t\t\t\t\t<\/div>\n\t\t\t\t<\/div>\n\t\t\t\t\t<\/div>\n\t\t<\/div>\n\t\t\t\t\t<\/div>\n\t\t<\/section>\n\t\t\t\t<\/div>\n\t\t","protected":false},"excerpt":{"rendered":"<p>item (s):hazards) :risk (s):land address:gestures and notions of transformation: author (s): year of diploma: WATERErosion and river floodingSoil loss and floodingWadden Sea | GERMANYRethink the homogeneous infrastructure and initiate multifunctional and heterogeneous responses + Let it go, let it go | The metamorphosis + The traces Arnaud COMTE &#8211; Ronan FABRE 2018 item (s):hazards) :risk [&hellip;]<\/p>\n","protected":false},"author":1,"featured_media":0,"comment_status":"open","ping_status":"open","sticky":false,"template":"elementor_header_footer","format":"standard","meta":{"ocean_post_layout":"","ocean_both_sidebars_style":"","ocean_both_sidebars_content_width":0,"ocean_both_sidebars_sidebars_width":0,"ocean_sidebar":"0","ocean_second_sidebar":"0","ocean_disable_margins":"enable","ocean_add_body_class":"","ocean_shortcode_before_top_bar":"","ocean_shortcode_after_top_bar":"","ocean_shortcode_before_header":"","ocean_shortcode_after_header":"","ocean_has_shortcode":"","ocean_shortcode_after_title":"","ocean_shortcode_before_footer_widgets":"","ocean_shortcode_after_footer_widgets":"","ocean_shortcode_before_footer_bottom":"","ocean_shortcode_after_footer_bottom":"","ocean_display_top_bar":"default","ocean_display_header":"default","ocean_header_style":"","ocean_center_header_left_menu":"0","ocean_custom_header_template":"0","ocean_custom_logo":0,"ocean_custom_retina_logo":0,"ocean_custom_logo_max_width":0,"ocean_custom_logo_tablet_max_width":0,"ocean_custom_logo_mobile_max_width":0,"ocean_custom_logo_max_height":0,"ocean_custom_logo_tablet_max_height":0,"ocean_custom_logo_mobile_max_height":0,"ocean_header_custom_menu":"0","ocean_menu_typo_font_family":"0","ocean_menu_typo_font_subset":"","ocean_menu_typo_font_size":0,"ocean_menu_typo_font_size_tablet":0,"ocean_menu_typo_font_size_mobile":0,"ocean_menu_typo_font_size_unit":"px","ocean_menu_typo_font_weight":"","ocean_menu_typo_font_weight_tablet":"","ocean_menu_typo_font_weight_mobile":"","ocean_menu_typo_transform":"","ocean_menu_typo_transform_tablet":"","ocean_menu_typo_transform_mobile":"","ocean_menu_typo_line_height":0,"ocean_menu_typo_line_height_tablet":0,"ocean_menu_typo_line_height_mobile":0,"ocean_menu_typo_line_height_unit":"","ocean_menu_typo_spacing":0,"ocean_menu_typo_spacing_tablet":0,"ocean_menu_typo_spacing_mobile":0,"ocean_menu_typo_spacing_unit":"","ocean_menu_link_color":"","ocean_menu_link_color_hover":"","ocean_menu_link_color_active":"","ocean_menu_link_background":"","ocean_menu_link_hover_background":"","ocean_menu_link_active_background":"","ocean_menu_social_links_bg":"","ocean_menu_social_hover_links_bg":"","ocean_menu_social_links_color":"","ocean_menu_social_hover_links_color":"","ocean_disable_title":"on","ocean_disable_heading":"default","ocean_post_title":"","ocean_post_subheading":"","ocean_post_title_style":"","ocean_post_title_background_color":"","ocean_post_title_background":0,"ocean_post_title_bg_image_position":"","ocean_post_title_bg_image_attachment":"","ocean_post_title_bg_image_repeat":"","ocean_post_title_bg_image_size":"","ocean_post_title_height":0,"ocean_post_title_bg_overlay":0.5,"ocean_post_title_bg_overlay_color":"","ocean_disable_breadcrumbs":"default","ocean_breadcrumbs_color":"","ocean_breadcrumbs_separator_color":"","ocean_breadcrumbs_links_color":"","ocean_breadcrumbs_links_hover_color":"","ocean_display_footer_widgets":"default","ocean_display_footer_bottom":"default","ocean_custom_footer_template":"0","ocean_post_oembed":"","ocean_post_self_hosted_media":"","ocean_post_video_embed":"","ocean_link_format":"","ocean_link_format_target":"self","ocean_quote_format":"","ocean_quote_format_link":"post","ocean_gallery_link_images":"on","ocean_gallery_id":[],"footnotes":""},"categories":[42,70,87,99,35,19,5],"tags":[],"class_list":["post-5044","post","type-post","status-publish","format-standard","hentry","category-42","category-allemagne","category-crue-fluviale","category-disparition-des-sols","category-eau","category-erosion","category-inondation","entry"],"yoast_head":"<!-- This site is optimized with the Yoast SEO plugin v27.5 - https:\/\/yoast.com\/product\/yoast-seo-wordpress\/ -->\n<title># 21 Wadden Sea - &quot;Two territories facing submersion&quot; - Atlas des abris ouverts<\/title>\n<meta name=\"robots\" content=\"index, follow, max-snippet:-1, max-image-preview:large, max-video-preview:-1\" \/>\n<link rel=\"canonical\" href=\"https:\/\/www.atlas-des-abris-ouverts.com\/en\/21-wadden-sea-two-territories-facing-submersion\/\" \/>\n<meta property=\"og:locale\" content=\"en_US\" \/>\n<meta property=\"og:type\" content=\"article\" \/>\n<meta property=\"og:title\" content=\"# 21 Wadden Sea - &quot;Two territories facing submersion&quot; - Atlas des abris ouverts\" \/>\n<meta property=\"og:description\" content=\"item (s):hazards) :risk (s):land address:gestures and notions of transformation: author (s): year of diploma: WATERErosion and river floodingSoil loss and floodingWadden Sea | GERMANYRethink the homogeneous infrastructure and initiate multifunctional and heterogeneous responses + Let it go, let it go | The metamorphosis + The traces Arnaud COMTE &#8211; Ronan FABRE 2018 item (s):hazards) :risk [&hellip;]\" \/>\n<meta property=\"og:url\" content=\"https:\/\/www.atlas-des-abris-ouverts.com\/en\/21-wadden-sea-two-territories-facing-submersion\/\" \/>\n<meta property=\"og:site_name\" content=\"Atlas des abris ouverts\" \/>\n<meta property=\"article:published_time\" content=\"2021-10-19T12:49:19+00:00\" \/>\n<meta property=\"article:modified_time\" content=\"2023-11-28T09:00:09+00:00\" \/>\n<meta property=\"og:image\" content=\"https:\/\/www.atlas-des-abris-ouverts.com\/wp-content\/uploads\/2023\/11\/21-Mer-des-Wadden-Milieu-habite1.jpg\" \/>\n<meta name=\"author\" content=\"admin_web_avalanche\" \/>\n<meta name=\"twitter:card\" content=\"summary_large_image\" \/>\n<meta name=\"twitter:label1\" content=\"Written by\" \/>\n\t<meta name=\"twitter:data1\" content=\"admin_web_avalanche\" \/>\n\t<meta name=\"twitter:label2\" content=\"Est. reading time\" \/>\n\t<meta name=\"twitter:data2\" content=\"1 minute\" \/>\n<script type=\"application\/ld+json\" class=\"yoast-schema-graph\">{\"@context\":\"https:\\\/\\\/schema.org\",\"@graph\":[{\"@type\":\"Article\",\"@id\":\"https:\\\/\\\/www.atlas-des-abris-ouverts.com\\\/en\\\/21-wadden-sea-two-territories-facing-submersion\\\/#article\",\"isPartOf\":{\"@id\":\"https:\\\/\\\/www.atlas-des-abris-ouverts.com\\\/en\\\/21-wadden-sea-two-territories-facing-submersion\\\/\"},\"author\":{\"name\":\"admin_web_avalanche\",\"@id\":\"https:\\\/\\\/www.atlas-des-abris-ouverts.com\\\/en\\\/#\\\/schema\\\/person\\\/2a37089436f308f3da6f6b3520142eb8\"},\"headline\":\"# 21 Wadden Sea &#8211; &#8220;Two territories facing submersion&#8221;\",\"datePublished\":\"2021-10-19T12:49:19+00:00\",\"dateModified\":\"2023-11-28T09:00:09+00:00\",\"mainEntityOfPage\":{\"@id\":\"https:\\\/\\\/www.atlas-des-abris-ouverts.com\\\/en\\\/21-wadden-sea-two-territories-facing-submersion\\\/\"},\"wordCount\":203,\"commentCount\":0,\"publisher\":{\"@id\":\"https:\\\/\\\/www.atlas-des-abris-ouverts.com\\\/en\\\/#organization\"},\"image\":{\"@id\":\"https:\\\/\\\/www.atlas-des-abris-ouverts.com\\\/en\\\/21-wadden-sea-two-territories-facing-submersion\\\/#primaryimage\"},\"thumbnailUrl\":\"https:\\\/\\\/www.atlas-des-abris-ouverts.com\\\/wp-content\\\/uploads\\\/2023\\\/11\\\/21-Mer-des-Wadden-Milieu-habite1.jpg\",\"articleSection\":[\"2018\",\"Allemagne\",\"Crue fluviale\",\"Disparition des sols\",\"Eau\",\"Erosion\",\"Inondation\"],\"inLanguage\":\"en-US\",\"potentialAction\":[{\"@type\":\"CommentAction\",\"name\":\"Comment\",\"target\":[\"https:\\\/\\\/www.atlas-des-abris-ouverts.com\\\/en\\\/21-wadden-sea-two-territories-facing-submersion\\\/#respond\"]}]},{\"@type\":\"WebPage\",\"@id\":\"https:\\\/\\\/www.atlas-des-abris-ouverts.com\\\/en\\\/21-wadden-sea-two-territories-facing-submersion\\\/\",\"url\":\"https:\\\/\\\/www.atlas-des-abris-ouverts.com\\\/en\\\/21-wadden-sea-two-territories-facing-submersion\\\/\",\"name\":\"# 21 Wadden Sea - \\\"Two territories facing submersion\\\" - Atlas des abris ouverts\",\"isPartOf\":{\"@id\":\"https:\\\/\\\/www.atlas-des-abris-ouverts.com\\\/en\\\/#website\"},\"primaryImageOfPage\":{\"@id\":\"https:\\\/\\\/www.atlas-des-abris-ouverts.com\\\/en\\\/21-wadden-sea-two-territories-facing-submersion\\\/#primaryimage\"},\"image\":{\"@id\":\"https:\\\/\\\/www.atlas-des-abris-ouverts.com\\\/en\\\/21-wadden-sea-two-territories-facing-submersion\\\/#primaryimage\"},\"thumbnailUrl\":\"https:\\\/\\\/www.atlas-des-abris-ouverts.com\\\/wp-content\\\/uploads\\\/2023\\\/11\\\/21-Mer-des-Wadden-Milieu-habite1.jpg\",\"datePublished\":\"2021-10-19T12:49:19+00:00\",\"dateModified\":\"2023-11-28T09:00:09+00:00\",\"breadcrumb\":{\"@id\":\"https:\\\/\\\/www.atlas-des-abris-ouverts.com\\\/en\\\/21-wadden-sea-two-territories-facing-submersion\\\/#breadcrumb\"},\"inLanguage\":\"en-US\",\"potentialAction\":[{\"@type\":\"ReadAction\",\"target\":[\"https:\\\/\\\/www.atlas-des-abris-ouverts.com\\\/en\\\/21-wadden-sea-two-territories-facing-submersion\\\/\"]}]},{\"@type\":\"ImageObject\",\"inLanguage\":\"en-US\",\"@id\":\"https:\\\/\\\/www.atlas-des-abris-ouverts.com\\\/en\\\/21-wadden-sea-two-territories-facing-submersion\\\/#primaryimage\",\"url\":\"https:\\\/\\\/www.atlas-des-abris-ouverts.com\\\/wp-content\\\/uploads\\\/2023\\\/11\\\/21-Mer-des-Wadden-Milieu-habite1.jpg\",\"contentUrl\":\"https:\\\/\\\/www.atlas-des-abris-ouverts.com\\\/wp-content\\\/uploads\\\/2023\\\/11\\\/21-Mer-des-Wadden-Milieu-habite1.jpg\"},{\"@type\":\"BreadcrumbList\",\"@id\":\"https:\\\/\\\/www.atlas-des-abris-ouverts.com\\\/en\\\/21-wadden-sea-two-territories-facing-submersion\\\/#breadcrumb\",\"itemListElement\":[{\"@type\":\"ListItem\",\"position\":1,\"name\":\"Home\",\"item\":\"https:\\\/\\\/www.atlas-des-abris-ouverts.com\\\/en\\\/\"},{\"@type\":\"ListItem\",\"position\":2,\"name\":\"# 21 Wadden Sea &#8211; \u00ab\u00a0Two territories facing submersion\u00a0\u00bb\"}]},{\"@type\":\"WebSite\",\"@id\":\"https:\\\/\\\/www.atlas-des-abris-ouverts.com\\\/en\\\/#website\",\"url\":\"https:\\\/\\\/www.atlas-des-abris-ouverts.com\\\/en\\\/\",\"name\":\"Atlas des abris ouverts\",\"description\":\"\",\"publisher\":{\"@id\":\"https:\\\/\\\/www.atlas-des-abris-ouverts.com\\\/en\\\/#organization\"},\"potentialAction\":[{\"@type\":\"SearchAction\",\"target\":{\"@type\":\"EntryPoint\",\"urlTemplate\":\"https:\\\/\\\/www.atlas-des-abris-ouverts.com\\\/en\\\/?s={search_term_string}\"},\"query-input\":{\"@type\":\"PropertyValueSpecification\",\"valueRequired\":true,\"valueName\":\"search_term_string\"}}],\"inLanguage\":\"en-US\"},{\"@type\":\"Organization\",\"@id\":\"https:\\\/\\\/www.atlas-des-abris-ouverts.com\\\/en\\\/#organization\",\"name\":\"Atlas des abris ouverts\",\"url\":\"https:\\\/\\\/www.atlas-des-abris-ouverts.com\\\/en\\\/\",\"logo\":{\"@type\":\"ImageObject\",\"inLanguage\":\"en-US\",\"@id\":\"https:\\\/\\\/www.atlas-des-abris-ouverts.com\\\/en\\\/#\\\/schema\\\/logo\\\/image\\\/\",\"url\":\"https:\\\/\\\/www.atlas-des-abris-ouverts.com\\\/wp-content\\\/uploads\\\/2021\\\/03\\\/ATLAS-DES-ABRITS-OUVERTS.png\",\"contentUrl\":\"https:\\\/\\\/www.atlas-des-abris-ouverts.com\\\/wp-content\\\/uploads\\\/2021\\\/03\\\/ATLAS-DES-ABRITS-OUVERTS.png\",\"width\":798,\"height\":187,\"caption\":\"Atlas des abris ouverts\"},\"image\":{\"@id\":\"https:\\\/\\\/www.atlas-des-abris-ouverts.com\\\/en\\\/#\\\/schema\\\/logo\\\/image\\\/\"}},{\"@type\":\"Person\",\"@id\":\"https:\\\/\\\/www.atlas-des-abris-ouverts.com\\\/en\\\/#\\\/schema\\\/person\\\/2a37089436f308f3da6f6b3520142eb8\",\"name\":\"admin_web_avalanche\",\"image\":{\"@type\":\"ImageObject\",\"inLanguage\":\"en-US\",\"@id\":\"https:\\\/\\\/secure.gravatar.com\\\/avatar\\\/4d02eafb58b023bd5655fae0dbfa60b1953d0203cbdd77f77a85fa2e1d6633c4?s=96&d=mm&r=g\",\"url\":\"https:\\\/\\\/secure.gravatar.com\\\/avatar\\\/4d02eafb58b023bd5655fae0dbfa60b1953d0203cbdd77f77a85fa2e1d6633c4?s=96&d=mm&r=g\",\"contentUrl\":\"https:\\\/\\\/secure.gravatar.com\\\/avatar\\\/4d02eafb58b023bd5655fae0dbfa60b1953d0203cbdd77f77a85fa2e1d6633c4?s=96&d=mm&r=g\",\"caption\":\"admin_web_avalanche\"},\"sameAs\":[\"https:\\\/\\\/www.atlas-des-abris-ouverts.com\"],\"url\":\"https:\\\/\\\/www.atlas-des-abris-ouverts.com\\\/en\\\/author\\\/admin_web_avalanche\\\/\"}]}<\/script>\n<!-- \/ Yoast SEO plugin. -->","yoast_head_json":{"title":"# 21 Wadden Sea - \"Two territories facing submersion\" - Atlas des abris ouverts","robots":{"index":"index","follow":"follow","max-snippet":"max-snippet:-1","max-image-preview":"max-image-preview:large","max-video-preview":"max-video-preview:-1"},"canonical":"https:\/\/www.atlas-des-abris-ouverts.com\/en\/21-wadden-sea-two-territories-facing-submersion\/","og_locale":"en_US","og_type":"article","og_title":"# 21 Wadden Sea - \"Two territories facing submersion\" - Atlas des abris ouverts","og_description":"item (s):hazards) :risk (s):land address:gestures and notions of transformation: author (s): year of diploma: WATERErosion and river floodingSoil loss and floodingWadden Sea | GERMANYRethink the homogeneous infrastructure and initiate multifunctional and heterogeneous responses + Let it go, let it go | The metamorphosis + The traces Arnaud COMTE &#8211; Ronan FABRE 2018 item (s):hazards) :risk [&hellip;]","og_url":"https:\/\/www.atlas-des-abris-ouverts.com\/en\/21-wadden-sea-two-territories-facing-submersion\/","og_site_name":"Atlas des abris ouverts","article_published_time":"2021-10-19T12:49:19+00:00","article_modified_time":"2023-11-28T09:00:09+00:00","og_image":[{"url":"https:\/\/www.atlas-des-abris-ouverts.com\/wp-content\/uploads\/2023\/11\/21-Mer-des-Wadden-Milieu-habite1.jpg","type":"","width":"","height":""}],"author":"admin_web_avalanche","twitter_card":"summary_large_image","twitter_misc":{"Written by":"admin_web_avalanche","Est. reading time":"1 minute"},"schema":{"@context":"https:\/\/schema.org","@graph":[{"@type":"Article","@id":"https:\/\/www.atlas-des-abris-ouverts.com\/en\/21-wadden-sea-two-territories-facing-submersion\/#article","isPartOf":{"@id":"https:\/\/www.atlas-des-abris-ouverts.com\/en\/21-wadden-sea-two-territories-facing-submersion\/"},"author":{"name":"admin_web_avalanche","@id":"https:\/\/www.atlas-des-abris-ouverts.com\/en\/#\/schema\/person\/2a37089436f308f3da6f6b3520142eb8"},"headline":"# 21 Wadden Sea &#8211; &#8220;Two territories facing submersion&#8221;","datePublished":"2021-10-19T12:49:19+00:00","dateModified":"2023-11-28T09:00:09+00:00","mainEntityOfPage":{"@id":"https:\/\/www.atlas-des-abris-ouverts.com\/en\/21-wadden-sea-two-territories-facing-submersion\/"},"wordCount":203,"commentCount":0,"publisher":{"@id":"https:\/\/www.atlas-des-abris-ouverts.com\/en\/#organization"},"image":{"@id":"https:\/\/www.atlas-des-abris-ouverts.com\/en\/21-wadden-sea-two-territories-facing-submersion\/#primaryimage"},"thumbnailUrl":"https:\/\/www.atlas-des-abris-ouverts.com\/wp-content\/uploads\/2023\/11\/21-Mer-des-Wadden-Milieu-habite1.jpg","articleSection":["2018","Allemagne","Crue fluviale","Disparition des sols","Eau","Erosion","Inondation"],"inLanguage":"en-US","potentialAction":[{"@type":"CommentAction","name":"Comment","target":["https:\/\/www.atlas-des-abris-ouverts.com\/en\/21-wadden-sea-two-territories-facing-submersion\/#respond"]}]},{"@type":"WebPage","@id":"https:\/\/www.atlas-des-abris-ouverts.com\/en\/21-wadden-sea-two-territories-facing-submersion\/","url":"https:\/\/www.atlas-des-abris-ouverts.com\/en\/21-wadden-sea-two-territories-facing-submersion\/","name":"# 21 Wadden Sea - \"Two territories facing submersion\" - Atlas des abris ouverts","isPartOf":{"@id":"https:\/\/www.atlas-des-abris-ouverts.com\/en\/#website"},"primaryImageOfPage":{"@id":"https:\/\/www.atlas-des-abris-ouverts.com\/en\/21-wadden-sea-two-territories-facing-submersion\/#primaryimage"},"image":{"@id":"https:\/\/www.atlas-des-abris-ouverts.com\/en\/21-wadden-sea-two-territories-facing-submersion\/#primaryimage"},"thumbnailUrl":"https:\/\/www.atlas-des-abris-ouverts.com\/wp-content\/uploads\/2023\/11\/21-Mer-des-Wadden-Milieu-habite1.jpg","datePublished":"2021-10-19T12:49:19+00:00","dateModified":"2023-11-28T09:00:09+00:00","breadcrumb":{"@id":"https:\/\/www.atlas-des-abris-ouverts.com\/en\/21-wadden-sea-two-territories-facing-submersion\/#breadcrumb"},"inLanguage":"en-US","potentialAction":[{"@type":"ReadAction","target":["https:\/\/www.atlas-des-abris-ouverts.com\/en\/21-wadden-sea-two-territories-facing-submersion\/"]}]},{"@type":"ImageObject","inLanguage":"en-US","@id":"https:\/\/www.atlas-des-abris-ouverts.com\/en\/21-wadden-sea-two-territories-facing-submersion\/#primaryimage","url":"https:\/\/www.atlas-des-abris-ouverts.com\/wp-content\/uploads\/2023\/11\/21-Mer-des-Wadden-Milieu-habite1.jpg","contentUrl":"https:\/\/www.atlas-des-abris-ouverts.com\/wp-content\/uploads\/2023\/11\/21-Mer-des-Wadden-Milieu-habite1.jpg"},{"@type":"BreadcrumbList","@id":"https:\/\/www.atlas-des-abris-ouverts.com\/en\/21-wadden-sea-two-territories-facing-submersion\/#breadcrumb","itemListElement":[{"@type":"ListItem","position":1,"name":"Home","item":"https:\/\/www.atlas-des-abris-ouverts.com\/en\/"},{"@type":"ListItem","position":2,"name":"# 21 Wadden Sea &#8211; \u00ab\u00a0Two territories facing submersion\u00a0\u00bb"}]},{"@type":"WebSite","@id":"https:\/\/www.atlas-des-abris-ouverts.com\/en\/#website","url":"https:\/\/www.atlas-des-abris-ouverts.com\/en\/","name":"Atlas des abris ouverts","description":"","publisher":{"@id":"https:\/\/www.atlas-des-abris-ouverts.com\/en\/#organization"},"potentialAction":[{"@type":"SearchAction","target":{"@type":"EntryPoint","urlTemplate":"https:\/\/www.atlas-des-abris-ouverts.com\/en\/?s={search_term_string}"},"query-input":{"@type":"PropertyValueSpecification","valueRequired":true,"valueName":"search_term_string"}}],"inLanguage":"en-US"},{"@type":"Organization","@id":"https:\/\/www.atlas-des-abris-ouverts.com\/en\/#organization","name":"Atlas des abris ouverts","url":"https:\/\/www.atlas-des-abris-ouverts.com\/en\/","logo":{"@type":"ImageObject","inLanguage":"en-US","@id":"https:\/\/www.atlas-des-abris-ouverts.com\/en\/#\/schema\/logo\/image\/","url":"https:\/\/www.atlas-des-abris-ouverts.com\/wp-content\/uploads\/2021\/03\/ATLAS-DES-ABRITS-OUVERTS.png","contentUrl":"https:\/\/www.atlas-des-abris-ouverts.com\/wp-content\/uploads\/2021\/03\/ATLAS-DES-ABRITS-OUVERTS.png","width":798,"height":187,"caption":"Atlas des abris ouverts"},"image":{"@id":"https:\/\/www.atlas-des-abris-ouverts.com\/en\/#\/schema\/logo\/image\/"}},{"@type":"Person","@id":"https:\/\/www.atlas-des-abris-ouverts.com\/en\/#\/schema\/person\/2a37089436f308f3da6f6b3520142eb8","name":"admin_web_avalanche","image":{"@type":"ImageObject","inLanguage":"en-US","@id":"https:\/\/secure.gravatar.com\/avatar\/4d02eafb58b023bd5655fae0dbfa60b1953d0203cbdd77f77a85fa2e1d6633c4?s=96&d=mm&r=g","url":"https:\/\/secure.gravatar.com\/avatar\/4d02eafb58b023bd5655fae0dbfa60b1953d0203cbdd77f77a85fa2e1d6633c4?s=96&d=mm&r=g","contentUrl":"https:\/\/secure.gravatar.com\/avatar\/4d02eafb58b023bd5655fae0dbfa60b1953d0203cbdd77f77a85fa2e1d6633c4?s=96&d=mm&r=g","caption":"admin_web_avalanche"},"sameAs":["https:\/\/www.atlas-des-abris-ouverts.com"],"url":"https:\/\/www.atlas-des-abris-ouverts.com\/en\/author\/admin_web_avalanche\/"}]}},"_links":{"self":[{"href":"https:\/\/www.atlas-des-abris-ouverts.com\/en\/wp-json\/wp\/v2\/posts\/5044","targetHints":{"allow":["GET"]}}],"collection":[{"href":"https:\/\/www.atlas-des-abris-ouverts.com\/en\/wp-json\/wp\/v2\/posts"}],"about":[{"href":"https:\/\/www.atlas-des-abris-ouverts.com\/en\/wp-json\/wp\/v2\/types\/post"}],"author":[{"embeddable":true,"href":"https:\/\/www.atlas-des-abris-ouverts.com\/en\/wp-json\/wp\/v2\/users\/1"}],"replies":[{"embeddable":true,"href":"https:\/\/www.atlas-des-abris-ouverts.com\/en\/wp-json\/wp\/v2\/comments?post=5044"}],"version-history":[{"count":7,"href":"https:\/\/www.atlas-des-abris-ouverts.com\/en\/wp-json\/wp\/v2\/posts\/5044\/revisions"}],"predecessor-version":[{"id":6729,"href":"https:\/\/www.atlas-des-abris-ouverts.com\/en\/wp-json\/wp\/v2\/posts\/5044\/revisions\/6729"}],"wp:attachment":[{"href":"https:\/\/www.atlas-des-abris-ouverts.com\/en\/wp-json\/wp\/v2\/media?parent=5044"}],"wp:term":[{"taxonomy":"category","embeddable":true,"href":"https:\/\/www.atlas-des-abris-ouverts.com\/en\/wp-json\/wp\/v2\/categories?post=5044"},{"taxonomy":"post_tag","embeddable":true,"href":"https:\/\/www.atlas-des-abris-ouverts.com\/en\/wp-json\/wp\/v2\/tags?post=5044"}],"curies":[{"name":"wp","href":"https:\/\/api.w.org\/{rel}","templated":true}]}}